{"id":1065,"date":"2012-09-12T00:00:00","date_gmt":"2012-09-12T00:00:00","guid":{"rendered":"http:\/\/www.jesusfragacid.com\/?p=1065"},"modified":"2012-09-12T00:00:00","modified_gmt":"2012-09-12T00:00:00","slug":"reflexiones-author-llises-forest-3","status":"publish","type":"post","link":"https:\/\/www.jesusfragacid.com\/?p=1065","title":{"rendered":"REFLEXIONES (AUTHOR: LLISES FOREST)"},"content":{"rendered":"<p>\u00a0 <\/p>\n<p class=\"MsoNormal\" align=\"center\"><b><span><font color=\"#000000\"><font size=\"5\">LA CRISIS GLOBAL ACTUAL<\/font><\/font><\/span><\/b><\/p>\n<p class=\"MsoNormal\"><b><span><font color=\"#000000\" size=\"4\">\u00a0<\/font><\/span><\/b><\/p>\n<p class=\"MsoNormal\"><b><span><font color=\"#000000\"><font size=\"4\">\u00a0<img loading=\"lazy\" decoding=\"async\" src=\"http:\/\/www.jesusfragacid.com\/wp-content\/uploads\/2018\/03\/atentado-iraq-2.jpg\" width=\"293\" height=\"203\" \/>\u00a0 <img loading=\"lazy\" decoding=\"async\" src=\"http:\/\/www.jesusfragacid.com\/wp-content\/uploads\/2018\/03\/ataque-a-las-torres-gemelas-2.jpg\" width=\"180\" height=\"321\" \/><\/font><\/font><\/span><\/b><\/p>\n<p class=\"MsoNormal\"><b><span><font color=\"#000000\"><font size=\"4\" \/><\/font><\/span><\/b>\u00a0<\/p>\n<p class=\"MsoNormal\"><b><span><font color=\"#000000\"><font size=\"4\" \/><\/font><\/span><\/b>\u00a0<\/p>\n<p class=\"MsoNormal\"><b><span><font color=\"#000000\" size=\"4\" \/><\/span><\/b>\u00a0<\/p>\n<p class=\"MsoNormal\"><b><span><font color=\"#000000\"><font size=\"4\">Introducci\u00f3n<\/font><\/font><\/span><\/b><\/p>\n<p class=\"MsoNormal\"><b><span><font color=\"#000000\" size=\"4\">\u00a0<\/font><\/span><\/b><\/p>\n<p class=\"MsoNormal\"><span><font color=\"#000000\"><font size=\"4\">El comienzo del nuevo milenio tuvo lugar a trav\u00e9s de un hecho tr\u00e1gico, luctuoso y dram\u00e1tico: el atentado terrorista islamista suicida del 11-S de 2001 contra las Torres Gemelas del World Trade Center en Nueva York. Ese t\u00e9trico acontecimiento cambiar\u00eda el rumbo de la historia reciente de nuestro planeta. El hombre mostr\u00f3 su lado m\u00e1s oscuro, provocando la muerte de centenares de personas en EE.UU..<span>\u00a0 <\/span>Siempre la historia de la humanidad ha sido muy convulsa, pero el 11-S nos mostr\u00f3 la vileza del ser humano, hasta qu\u00e9 punto puede llegar su maldad. Todos recordamos n\u00edtidamente eses espantosos sucesos que dieron una y otra vez la vuelta al mundo en todos los medios de comunicaci\u00f3n mundial. En el inconsciente colectivo quedar\u00e1n grabadas aquellas im\u00e1genes, que parec\u00edan apocal\u00edpticas y surreales, cargadas de horror, crueldad e inhumanidad. Los efectos del 11-S fueron devastadores. A todos nos produjo un profundo sentimiento de conmoci\u00f3n, incredulidad, indignaci\u00f3n y estupor. Muchos cre\u00edan que esto marcar\u00eda el comienzo de la III Guerra Mundial. Hab\u00eda comenzado la mal llamada Guerra Santa de mundo isl\u00e1mico fundamentalista contra Occidente. Los efectos colaterales de los atentados fueron muy diversos. La diplomacia internacional (ONU) tom\u00f3 fuertes medidas para conseguir evitar en la medida de lo posible este inolvidable hecho. Toda la comunidad internacional se ali\u00f3 con EE.UU. para hacer frente a un nuevo enemigo oculto: el terrorismo internacional. EE.UU. inici\u00f3 su particular cruzada contra los terroristas responsables del 11-S y a trav\u00e9s de los informes de la CIA logran a identificar al l\u00edder que dirigi\u00f3 u orquest\u00f3 toda esta entramada operaci\u00f3n: Osama Bin Laden. Seg\u00fan el Pent\u00e1gono y la CIA, Bin Laden pertenec\u00eda a una red terrorista isl\u00e1mica jihadista llamada Al Qaeda. Afganist\u00e1n era el objetivo militar de EE.UU. Por aquel entonces, el presidente de los EE.UU., George W. Bush, mand\u00f3 capturar al \u201ccabeza de turco\u201d, enviando tropas a Afganist\u00e1n. Informes de la CIA involucraban a Iraq en esta rocambolesca operaci\u00f3n. Se pens\u00f3 que Sadam Husein ten\u00eda alg\u00fan tipo de relaci\u00f3n con estos atentados. Esto dio inicio a la famosa y sangrienta Guerra de Iraq, apoyada por algunos pa\u00edses, pero en todo caso en contra de una resoluci\u00f3n dictada por Naciones Unidas. El pretexto para la invasi\u00f3n de Iraq fue para derrocar el r\u00e9gimen totalitario de Sadam Husein y desintegrar las \u201csupuestas armas de destrucci\u00f3n\u201d que, seg\u00fan los americanos, supon\u00edan un peligro potencial\u00a0para la seguridad mundial.<span>\u00a0 <\/span>EE.UU. hab\u00eda abierto dos frentes: la ocupaci\u00f3n ileg\u00edtima de Iraq y de Afganist\u00e1n.<span>\u00a0 <\/span>No es la primera vez que EE.UU., en su derecho de veto, se salta a la torera resoluciones aprobadas por el Consejo de Seguridad de la ONU. Los efectos de la posguerra han sido demoledores: miles de civiles muertos, el pa\u00eds destruido, miles de personas refugiadas y desplazadas, la econom\u00eda del pa\u00eds maltrecha, etc.<span>\u00a0 <\/span>Finalmente, a pesar de los informes de la CIA en la cual sospechaba que Iraq ten\u00eda las susodichas armas destrucci\u00f3n masiva, finalmente no hubo indicios de tal hecho. El presidente Bush nunca reconoci\u00f3 su error de invadir Iraq. En el tel\u00f3n fondo siempre estuvo el 11-S<span>\u00a0 <\/span>y el \u00e1nimo de los americanos, heridos en su orgullo, de vengarse por todo ello. <\/font><\/font><\/span><\/p>\n<p class=\"MsoNormal\"><span><font color=\"#000000\" size=\"4\">\u00a0<\/font><\/span><\/p>\n<p class=\"MsoNormal\"><span><font color=\"#000000\"><font size=\"4\">Las tropas de la coalici\u00f3n estuvieron en Iraq y en Afganist\u00e1n en todo momento. Se consigui\u00f3 capturar y matar a Sadam Husein y a Osama Bin Laden, aunque la c\u00e9lula terrorista jihadista segu\u00eda en activo. De hecho, antes de la muerte de Bin Laden perpetr\u00f3 varias masacres en Madrid, Londres, Magreb, Siria, Iraq,<span>\u00a0 <\/span>Jordania, Egipto, etc.<span>\u00a0\u00a0 <\/span><\/font><\/font><\/span><\/p>\n<p class=\"MsoNormal\"><span><font color=\"#000000\" size=\"4\">\u00a0<\/font><\/span><\/p>\n<p class=\"MsoNormal\"><span><font color=\"#000000\"><font size=\"4\">La gesti\u00f3n de George W. Bush ha sido nefasta. Su pol\u00edtica exterior ha sido demencial. Parad\u00f3jicamente, fue reelegido como presidente de EE.UU. en las elecciones presidenciales del a\u00f1o 2004. Todo el pueblo americano estuvo unido como una pi\u00f1a, pero finalmente, el desgaste personal, pol\u00edtico y la p\u00e9rdida de credibilidad de George Bush en el mundo y el sentimiento de antiamericanismo hizo perder una elevada tasa de su electorado, provocando la salida de la Casa Blanca en el a\u00f1o 2008.<\/font><\/font><\/span><\/p>\n<p class=\"MsoNormal\"><span><font color=\"#000000\" size=\"4\">\u00a0<\/font><\/span><\/p>\n<p class=\"MsoNormal\"><span><font color=\"#000000\"><font size=\"4\">El dem\u00f3crata Barack Obama, el primer afroamericano en presidir el pa\u00eds, ser\u00eda un b\u00e1lsamo de esperanza para todos los americanos, no s\u00f3lo por las repercusiones econ\u00f3micas que supuso la invasi\u00f3n de Iraq y la quiebra de grandes bancos debido a la crisis hipotecar\u00eda subprime. Los americanos necesitaban un nuevo presidente que replantease todas las medidas pol\u00edticas tomadas por el gobierno de George Bush. Medidas para reactivar la econom\u00eda, fomentar\u00a0el empleo, inyectar capital a las entidades financieras para facilitar el cr\u00e9dito, la sanidad p\u00fablica, gratuita y universal, etc. La cuesti\u00f3n era resolver la profunda crisis econ\u00f3mica y elevada tasa de paro de ese pa\u00eds. Los problemas internos de EE.UU. afectaron a todo el mundo, provocando una crisis econ\u00f3mica mundial, la desestabilizaci\u00f3n de los mercados burs\u00e1tiles,\u00a0una crisis financiera, un fuerte desempleo, importantes recortes sociales. Fue el G-20, el grupo de pa\u00edses m\u00e1s desarrollados del mundo quienes tomaron el tim\u00f3n para solucionar esta crisis global y refundar el sistema capitalista neoliberal. Se aplicaron todo tipo de medidas pol\u00edticas y socioecon\u00f3micas proteccionistas para salvaguardar el sistema capitalista globalizador de los pa\u00edses m\u00e1s ricos del mundo. El G-20 inicialmente surgi\u00f3 con el objetivo primordial de analizar las problem\u00e1ticas econ\u00f3micas y sociales de la humanidad, sobre todo tratar de proponer paquetes de medidas, acuerdos y planes de contingencia con el fin de mejorar la situaci\u00f3n de los pa\u00edses en v\u00edas desarrollo o del Tercer Mundo. No obstante, la resoluci\u00f3n de la crisis financiera abierta en los pa\u00edses ricos de Occidente<span>\u00a0 <\/span>en 2008 movi\u00f3 al G-20 a tomar todo tipo de medidas proteccionistas que hac\u00edan que la brecha econ\u00f3mica entre pa\u00edses\u00a0ricos y pobres\u00a0se agudizara. Los pa\u00edses del Tercer Mundo quedaron desamparados. Lo importante era proteger a los bancos, multinacionales, empresas y estados m\u00e1s ricos. Capitalismo puro y duro. EE.UU., la primera superpotencia econ\u00f3mica mundial, ejerci\u00f3 el liderazgo, al igual que en el G-8 (grupo de 7 pa\u00edses m\u00e1s ricos del mundo, m\u00e1s Rusia) en todas las cumbres y conferencias internacionales. Una vez m\u00e1s, el objetivo primordial de solucionar las desigualdades econ\u00f3micas y sociales entre pa\u00edses ricos y pobres qued\u00f3 en un segundo plano. Hab\u00eda que reformar el capitalismo para evitar la recesi\u00f3n de los estados, la quiebra de los bancos, el cierre de multinacionales, la desestabilizaci\u00f3n de los mercados burs\u00e1tiles, la aceleraci\u00f3n del desempleo, etc. Nunca estuvo en el horizonte proteger a los ciudadanos del Tercer Mundo en las pol\u00edticas llevadas a cabo por el G-8 y el G-20, aunque intentaran vendernos lo contrario. Todo estaba bien orquestado. En definitiva, con el pretexto de la crisis financiera abierta en los pa\u00edses m\u00e1s industrializados y desarrollados del Primer Mundo se intentaba \u201creflotar\u201d la econom\u00eda de esos pa\u00edses, dejando por en\u00e9sima vez a un lado solucionar los graves problemas que acucian a los pa\u00edses del mal llamado Tercer Mundo. <\/font><\/font><\/span><\/p>\n<p class=\"MsoNormal\"><span><font color=\"#000000\" size=\"4\">\u00a0<\/font><\/span><\/p>\n<p class=\"MsoNormal\"><b><span><font color=\"#000000\"><font size=\"4\">La crisis en Espa\u00f1a <\/font><\/font><\/span><\/b><\/p>\n<p class=\"MsoNormal\"><b><span><font color=\"#000000\" size=\"4\">\u00a0<\/font><\/span><\/b><\/p>\n<p class=\"MsoNormal\"><span><font color=\"#000000\"><font size=\"4\">En el \u00e1mbito nacional, la entrada en el Gobierno de Espa\u00f1a del Sr.<span>\u00a0 <\/span>Mariano Rajoy a finales del a\u00f1o 2011 no cambi\u00f3 en absoluto la situaci\u00f3n pol\u00edtica, socioecon\u00f3mica y laboral de nuestro pa\u00eds. Con un d\u00e9ficit p\u00fablico del 8,5 % del P.I.B. (Producto Interior Bruto) heredado del Gobierno<span>\u00a0 <\/span>Socialista presidido por el Sr. Jos\u00e9 Luis Rodr\u00edguez Zapatero, las expectativas de crecimiento econ\u00f3mico y de generaci\u00f3n de empleo no eran nada halague\u00f1as. La mayor\u00eda absoluta lograda por el Partido Popular en Elecciones Generales del 20-N, que sirvi\u00f3 para que el Sr. Rajoy alcanzase la presidencia de la naci\u00f3n, dio luz verde para que el PP gobernara con total libertad el pa\u00eds, si necesidad de pactos de coalici\u00f3n, con la mayor\u00eda absoluta en las dos C\u00e1maras (Congreso de los Diputados y Senado). La sociedad espa\u00f1ola ven\u00eda demandando un cambio radical de gobierno para atajar el grave problema de la econom\u00eda y del paro en nuestro pa\u00eds. Rajoy, en su campa\u00f1a electoral, anunci\u00f3 que bajo su mandato del gobierno se comprometer\u00eda a emprender las reformas estructurales y aplicar medidas de est\u00edmulo necesarias para solucionar los problemas del pa\u00eds, sobre todo el d\u00e9ficit p\u00fablico y el desempleo. En su discurso electoral anunci\u00f3 que no hab\u00eda soluciones \u201cm\u00e1gicas\u201d para solventar la grave y crispante crisis de Espa\u00f1a. A pesar de que en su programa electoral no contemplaba algunas medidas, como la subida de los impuestos (el I.V.A. y el I.R.P.F.), finalmente, el gobierno, con el pretexto del reducir el elevado d\u00e9ficit p\u00fablico, en parte demandado por la Uni\u00f3n Europea por el tema del euro, emprendi\u00f3 una serie de fuertes ajustes y recortes sociales en muchos \u00e1mbitos:<span>\u00a0 <\/span>subida de impuestos (IVA e IRPF); eliminaci\u00f3n de la paga extra de Navidad a los funcionarios p\u00fablicos; reducci\u00f3n de la prestaci\u00f3n por desempleo desde el sexto mes; recortes en Sanidad, con la implantaci\u00f3n del copago farmac\u00e9utico, suspensi\u00f3n de parte del cat\u00e1logo de medicamentos sufragados por la sanidad p\u00fablica, suspensi\u00f3n de la cobertura sanitaria a los inmigrantes ilegales; en Educaci\u00f3n, con la subida de las tasas administrativas de matriculaci\u00f3n para estudios medios y superiores; congelaci\u00f3n de la pensiones, abaratamiento del despido con su controvertida reforma laboral; la reforma de la ley del aborto, eliminaci\u00f3n de\u00a0la cartera ministerial de ciencia e innovaci\u00f3n,\u00a0etc. Fue llamada la pol\u00edtica del \u201ctijeretazo\u201d.<span>\u00a0 <\/span>Estas medidas no llegaron a fructificar. Esto le cost\u00f3 el gobierno de Rajoy una huelga general poco tiempo despu\u00e9s de la toma de posesi\u00f3n en el gobierno de la naci\u00f3n. El Sr. Mariano Rajoy mantuvo algunas de las medidas tomadas por el gobierno socialista de Zapatero, como la reducci\u00f3n del 5 % del sueldo mensual de los funcionarios p\u00fablicos; la subida progresiva anual del S.M.I. (Salario M\u00ednimo Interprofesional); la prolongaci\u00f3n de la edad de jubilaci\u00f3n hasta los 67 a\u00f1os; la pr\u00f3rroga del subsidio de desempleo para los parados de larga duraci\u00f3n; la eliminaci\u00f3n de la Renta B\u00e1sica de Emancipaci\u00f3n; la eliminaci\u00f3n de cheque-beb\u00e9; sustituci\u00f3n en el \u00e1mbito educativo de la materia \u201cEducaci\u00f3n para la Ciudadan\u00eda y los Derechos Humanos\u201d por la materia \u201cEducaci\u00f3n C\u00edvica y Constitucional\u201d; se mantiene el plan Bolonia para que la educaci\u00f3n espa\u00f1ola superior est\u00e9 adaptada al Espacio Europeo de Educaci\u00f3n Superior; la no financiaci\u00f3n de la Iglesia por parte del Estado (s\u00f3lo ser\u00eda financiada por aportaciones y partidas voluntarias por medio del IRPF de los contribuyentes), etc. <\/font><\/font><\/span><\/p>\n<p class=\"MsoNormal\"><span><font color=\"#000000\" size=\"4\">\u00a0<\/font><\/span><\/p>\n<p class=\"MsoNormal\"><span><font color=\"#000000\"><font size=\"4\">La situaci\u00f3n econ\u00f3mica del pa\u00eds y de los ciudadanos sigue merm\u00e1ndose, la tasa de desempleo sigue creciendo hasta cifras mareantes, la susodicha prima de riesgo sube a \u00edndices hist\u00f3ricos&#8230;<span>\u00a0\u00a0 <\/span>No hay un punto de inflexi\u00f3n en el que Espa\u00f1a entre en la senda de la recuperaci\u00f3n econ\u00f3mica, en la generaci\u00f3n de empleo, etc. Las reformas y ajustes que llev\u00f3 a cabo el PP afectaron no s\u00f3lo a clase baja, sino principalmente a la clase media espa\u00f1ola. Nunca en la historia de la democracia en Espa\u00f1a estuvimos en una situaci\u00f3n tan l\u00edmite. Seg\u00fan la O.C.U. (Organizaci\u00f3n de Consumidores y Usuarios), el problema en nuestro pa\u00eds no es que los ciudadanos no lleguen con sus rentas o sueldos a final de mes sino, peor a\u00fan, les cuesta iniciarlo. Por otro lado, en base a una encuesta del C.I.S. (Centro de Investigaciones Sociol\u00f3gicas), las principales causas de preocupaci\u00f3n de la sociedad espa\u00f1ola son, por este orden, el paro, la econom\u00eda, la clase pol\u00edtica y la corrupci\u00f3n.<span>\u00a0 <\/span><\/font><\/font><\/span><\/p>\n<p class=\"MsoNormal\"><span><font color=\"#000000\" size=\"4\">\u00a0<\/font><\/span><\/p>\n<p class=\"MsoNormal\"><span><font color=\"#000000\"><font size=\"4\">En cuanto al desempleo, la situaci\u00f3n es bastante pesimista a corto, medio e incluso largo plazo. La tasa de paro en Espa\u00f1a supera el 20 % seg\u00fan la E.P.A.(Encuesta de Poblaci\u00f3n Activa). Hay\u00a0en total en las listas de desempleo del INEM m\u00e1s de 5.600.000 parados. La tasa de paro juvenil de<span>\u00a0 <\/span>entre 16 y 30 a\u00f1os supera el 50 % seg\u00fan un informe del I.N.E. (Instituto Nacional de Estad\u00edstica) y de la EPA. Hasta el 2014 no se atisbar\u00e1 un crecimiento positivo de empleo. El paro afecta a todos los sectores. Desde el pinchazo de la burbuja inmobiliaria y la crisis financiera internacional, originada en EE.UU. por la crisis hipotecaria subprime en el a\u00f1o 2008, la tasa de desempleo empez\u00f3 a despuntar. Los j\u00f3venes son los m\u00e1s perjudicados por esta situaci\u00f3n. Algunos hablan de \u201cgeneraci\u00f3n perdida\u201d. Puede que no sea tan exagerado, ya que estamos ante la generaci\u00f3n de j\u00f3venes mejor preparada y cualificada acad\u00e9micamente, pero con las peores expectativas de inserci\u00f3n laboral en nuestro pa\u00eds.<span>\u00a0 <\/span>Muchos j\u00f3venes cualificados se han planteado<span>\u00a0 <\/span>y plantean la idea de emigrar al extranjero, como EE.UU., Alemania, Francia o Reino Unido debido a que hay mayor expectativas de futuro (v\u00e9ase comoejemplo la<span>\u00a0 <\/span>\u201cfuga de cerebros\u201d).<\/font><\/font><\/span><\/p>\n<p class=\"MsoNormal\"><span \/><\/p>\n<p class=\"MsoNormal\"><span \/><span><font color=\"#000000\"><font size=\"4\">En cuanto el \u00e1mbito econ\u00f3mico, casi todas las Autonom\u00edas y el Estado cerraron el balance del a\u00f1o en d\u00e9ficit. El d\u00e9ficit p\u00fablico del 8,5 % del P.I.B. oblig\u00f3 al Gobierno del Sr. Mariano Rajoy a realizar todo tipo de ajustes. En total, 90 mil millones de euros debe recaudar el Estado en su pol\u00edtica de ajustes y recortes hasta el a\u00f1o 2014. Espa\u00f1a est\u00e1 al borde del rescate econ\u00f3mico por parte del Banco Central Europeo. El FROB (Fondo de Reestructuraci\u00f3n Ordenada Bancaria) anunci\u00f3 nuevas inyecciones de capital a los bancos y cajas de ahorro de Espa\u00f1a. En Europa, la situaci\u00f3n econ\u00f3mica de Espa\u00f1a y de otros pa\u00edses, como Italia, Irlanda, Grecia o Portugal, hac\u00edan peligrar la sostenibilidad del euro. El Sr. Mariano Rajoy se reuni\u00f3 con su hom\u00f3loga, la canciller alemana Angela Merkel, para discutir una serie de medidas que permitan reactivar la econom\u00eda y la generaci\u00f3n de empleo en Espa\u00f1a. Alemania, la primera potencia econ\u00f3mica de la Uni\u00f3n Europea, era el espejo en la que Espa\u00f1a se quer\u00eda ver reflejada. <\/font><\/font><\/span><\/p>\n<p class=\"MsoNormal\"><span><font color=\"#000000\" size=\"4\">\u00a0<\/font><\/span><\/p>\n<p class=\"MsoNormal\"><span><font color=\"#000000\"><font size=\"4\">En cuanto a la clase pol\u00edtica, para la mayor\u00eda de los ciudadanos es la responsable de toda esta situaci\u00f3n insoportable que sufre el pa\u00eds. En cierto modo as\u00ed lo es. El actual discurso pol\u00edtico, de tipo partidista y\/o electoralista, no convence, no genera confianza y credibilidad a las masas. La sociedad a d\u00eda de hoy est\u00e1 crispada y desconf\u00eda m\u00e1s que nunca en nuestro pa\u00eds de la clase pol\u00edtica. En Espa\u00f1a no hay alternancia en el poder, es bipartidista (PP y PSOE son los \u00fanicos partidos que acaparan el poder). <\/font><\/font><\/span><\/p>\n<p class=\"MsoNormal\"><span><font color=\"#000000\" size=\"4\">\u00a0<\/font><\/span><\/p>\n<p class=\"MsoNormal\"><span><font color=\"#000000\"><font size=\"4\">En cuanto a la corrupci\u00f3n, hemos podido ver como salpic\u00f3 a muchos pol\u00edticos y altos cargos del poder o gobierno. Son muchos los casos de este tipo, como el caso G\u00fartel, caso Malaya, caso Pretoria, caso Fais\u00e1n, caso Campe\u00f3n, etc. Esto gener\u00f3 entre la sociedad espa\u00f1ola una gran crispaci\u00f3n e indignaci\u00f3n. Los pol\u00edticos se aprovechaban de los ciudadanos, a costa del pago de sus impuestos. En fin, una aut\u00e9ntica verg\u00fcenza. <\/font><\/font><\/span><\/p>\n<p class=\"MsoNormal\"><span><font color=\"#000000\" size=\"4\">\u00a0<\/font><\/span><\/p>\n<p class=\"MsoNormal\"><span><font color=\"#000000\"><font size=\"4\">Seg\u00fan la previsiones del Gobierno y de organismos internacionales (Fondo Monetario Internacional, Banco Central Europeo o la Uni\u00f3n Europea), la senda de recuperaci\u00f3n econ\u00f3mica y de generaci\u00f3n de empleo no empezar\u00e1 hasta el a\u00f1o 2014 en Espa\u00f1a. \u00a1Ah\u00ed es nada! Mientras tanto, Espa\u00f1a seguir\u00e1 en recesi\u00f3n econ\u00f3mica, con subida del desempleo, con la prima riesgo al alza,<span>\u00a0 <\/span>los recortes de derechos sociales continuar\u00e1n, la corrupci\u00f3n pol\u00edtica tambi\u00e9n y la sociedad seguir\u00e1 cada vez m\u00e1s crispada. En fin, \u201cla pescadilla que se muerde la cola\u201d.<\/font><\/font><\/span><\/p>\n<p class=\"MsoNormal\"><span><font color=\"#000000\" size=\"4\">\u00a0<\/font><\/span><\/p>\n<p class=\"MsoNormal\"><b><span><font color=\"#000000\"><font size=\"4\">La crisis de valores de la sociedad mundial<\/font><\/font><\/span><\/b><\/p>\n<p class=\"MsoNormal\"><span><font color=\"#000000\"><font size=\"4\"><span>\u00a0<\/span><\/font><\/font><\/span><\/p>\n<p class=\"MsoNormal\"><span><font color=\"#000000\"><font size=\"4\">Dejando al margen los problemas econ\u00f3micos y sociales del Primer Mundo, a partir de ahora me gustar\u00eda plantear este art\u00edculo desde un punto de vista moral. Como todos sabemos las 4 grandes crisis que atraviesa la humanidad son: las guerras, el terrorismo internacional, la pobreza del Tercer Mundo y la destrucci\u00f3n del planeta (cambio clim\u00e1tico y calentamiento global). No obstante, en mi opini\u00f3n en todas estas grandes crisis subyace una crisis moral, \u00e9tica y de valores. Esto es as\u00ed. Todos lo d\u00edas presenciamos en los informativos un rosario de desgracias, tragedias y miserias humanas: guerras, terrorismo, genocidios, asesinatos y homicidios, maltrato f\u00edsico o psicol\u00f3gico dom\u00e9stico y\/o de g\u00e9nero, explotaci\u00f3n laboral y sexual infantil, violaciones, pederastia, acoso laboral, trata de blancas y redes de prostituci\u00f3n ilegal, robos con intimidaci\u00f3n, esclavitud, secuestros, opresi\u00f3n f\u00edsica o moral debido a reg\u00edmenes pol\u00edticos totalitarios o por motivos religiosos, etc. Este es el mundo convulso en donde vivimos. En donde estamos acostumbrados, con indiferencia, a ver en los medios de comunicaci\u00f3n, especialmente en los informativos, fr\u00edas estad\u00edsticas de muertes en todo el mundo. En el mundo mueren al d\u00eda 160.000 personas por cualquier causa. Hasta<span>\u00a0 <\/span>la fecha, m\u00e1s de 100 mil millones de seres humanos han\u00a0fallecido en toda la historia de la humanidad. As\u00ed es. La muerte se ha convertido en una simple estad\u00edstica: muertes por accidentes de tr\u00e1fico, por maltrato, por suicidio, por terrorismo, por enfermedades, por hambrunas, por desastres naturales, etc. Vemos todo ello con indiferencia, como quien no va la cosa con nosotros. Esto refleja una profunda crisis de valores de la sociedad. Esto es m\u00e1s patente en Occidente, en donde, el materialismo y el consumismo son el credo de cada d\u00eda. Actualmente, la crisis de valores es mayor. Debido a la crisis, hay mucha gente indigente en las calles que necesitan ayuda. El pretexto de la crisis econ\u00f3mica no es para no poner en pr\u00e1ctica valores como la solidaridad, el amor, la paz, la justicia social, etc. Hablamos de una crisis capitalista, basada en el capital, en la acumulaci\u00f3n deliberada de dinero, de poder, de riqueza&#8230; Nosotros formamos parte de este sistema capitalista. Mucha gente acomodada sinti\u00f3 la codicia de vivir por encima de sus posibilidades reales, como ocurri\u00f3 en \u00e9pocas de bonanza econ\u00f3mica. Ahora, con la actual crisis, est\u00e1n pagando sus consecuencias. Sin generalizar,\u00a0muchos ciudadanos\u00a0gastaban m\u00e1s de lo que ingresaban. Creo que la sociedad de los pa\u00edses ricos del Primer Mundo tienen que hacer un profundo examen de conciencia. Son millones de personas del Tercer Mundo que no tienen garantizadas sus necesidades m\u00e1s b\u00e1sicas, como la alimentaci\u00f3n, el agua potable, la higiene, la educaci\u00f3n, la asistencia sanitaria, etc. Nosotros, la gran mayor\u00eda de los occidentales, gozamos de las cosas m\u00e1s elementales para vivir. No es motivo por ello para quejarse. Sin duda, existe un mal reparto de la riqueza global. Estoy en contra de los sueldos multimillonarios que gozan determinados colectivos, como deportistas de elite, modelos, actores y actrices, cantantes, grandes empresarios&#8230; La riqueza debe ser bien distribuida. No es comprensible que en Occidente gocemos de tantos privilegios mientras los ciudadanos de los pa\u00edses tercermundistas est\u00e9n en la m\u00e1s completa miseria. Cada 4 segundos muere una persona en el mundo a causa del hambre. Esto no parece l\u00f3gico en el siglo XXI, en la era de la Informaci\u00f3n y de la Comunicaci\u00f3n. Los pa\u00edses ricos deben destinar un porcentaje de su capital de su PIB para la erradicaci\u00f3n de la pobreza y el desarrollo econ\u00f3mico del Tercer Mundo. Se debe condonar la deuda de esos pa\u00edses pobres contra\u00eddas con los pa\u00edses ricos, aplicar medidas pol\u00edticas y econ\u00f3micas de est\u00edmulo para la regeneraci\u00f3n econ\u00f3mica y el progreso social de esos pa\u00edses&#8230;<span>\u00a0 <\/span>Igualmente, se deber\u00eda aplicar una pol\u00edtica de transferencia de tecnolog\u00eda a esos pa\u00edses subdesarrollados. La ONU y la OCDE deben implicarse o comprometerse seriamente en ello. En Occidente estamos muy influenciados por los medios de comunicaci\u00f3n, en donde se proyecta una serie de estereotipos, como la fama, la riqueza, la belleza, la juventud, el \u00e9xito o poder personal, el materialismo, el consumismo, etc. como c\u00e1nones de vida. Se ensalza\u00a0con estos estereotipos el lado bello y positivo de la vida, aunque la\u00a0cruda realidad nos demuestre lo contrario. \u00a0Vivimos en una sociedad consumista compulsiva <i>per se<\/i>. Debemos abrir nuestro coraz\u00f3n y ayudar al pr\u00f3jimo, sin esperar nada a cambio. Deber\u00eda salir de nuestro interior intentar aportar nuestro granito de arena para crear las bases de un Nuevo Orden Mundial, no capitalista, basado en la igualdad, la libertad, la justicia social, la solidaridad, el amor, la fraternidad, el respeto, bondad, la paz, etc.<span>\u00a0 <\/span>En definitiva, todos tenemos la responsabilidad u obligaci\u00f3n moral de \u201carrimar el hombro\u201d para hacer de este mundo un lugar mucho mejor en donde vivir, tratando de convivir como si todos fu\u00e9semos de una misma naci\u00f3n llamada Tierra.<span>\u00a0 <\/span><\/font><\/font><\/span><\/p>\n<p class=\"MsoNormal\"><span><font color=\"#000000\" size=\"4\">\u00a0<\/font><\/span><\/p>\n<p class=\"MsoNormal\"><span><font color=\"#000000\"><font size=\"4\">\u00a1Muchas gracias!<\/font><\/font><\/span><\/p>\n<p class=\"MsoNormal\"><span><font color=\"#000000\" size=\"4\">\u00a0<\/font><\/span><\/p>\n<p class=\"MsoNormal\"><span><font color=\"#000000\" size=\"4\">\u00a0<img loading=\"lazy\" decoding=\"async\" src=\"http:\/\/www.jesusfragacid.com\/wp-content\/uploads\/2018\/03\/315672-2.jpe\" width=\"345\" height=\"460\" \/>\u00a0\u00a0 <img loading=\"lazy\" decoding=\"async\" src=\"http:\/\/www.jesusfragacid.com\/wp-content\/uploads\/2018\/03\/el-apocalipsis-y-el-destino-de-nuestro-planeta1-2.jpg\" width=\"316\" height=\"341\" \/><\/font><\/span><\/p>\n<p class=\"MsoNormal\"><span \/><\/p>\n<p><b><span><font color=\"#000000\"><font size=\"4\"><\/p>\n<p>SEGUIDORES FLAG COUNTER DEL BLOG<\/font><\/font><\/span><\/b><\/p>\n<p class=\"MsoNormal\"><\/p>\n<p class=\"MsoNormal\"><span><font color=\"#000000\" size=\"4\" \/><\/span>\u00a0<\/p>\n<p class=\"MsoNormal\">\u00a0<a href=\"http:\/\/s06.flagcounter.com\/more\/fIw\"><img loading=\"lazy\" decoding=\"async\" title=\"Free counters!\" border=\"0\" alt=\"Free counters!\" src=\"\" width=\"462\" height=\"199\" \/><\/a><\/p>\n<p class=\"MsoNormal\">\u00a0<\/p>\n<p><b><span><font color=\"#000000\"><font size=\"4\">*Nota: Por problemas t\u00e9cnicos ajenos a mi voluntad el contador de visitas no puede ser visualizada en la barra lateral derecha de este blog. <br \/><\/font><\/font><\/span><\/b><\/p>\n<p class=\"MsoNormal\"><b><span \/><\/b><\/p>\n<p class=\"MsoNormal\">\u00a0<\/p>\n<p class=\"MsoNormal\">\u00a0<\/p>\n<p class=\"MsoNormal\"><span><font color=\"#000000\" size=\"4\" \/><\/span>\u00a0<\/p>\n<p class=\"MsoNormal\"><b><span><font color=\"#000000\"><font size=\"4\">FUENTES CONSULTADAS FOTOGRAF\u00cdAS <br \/><\/font><\/font><\/span><\/b><\/p>\n<p class=\"MsoNormal\"><b><span><font color=\"#000000\"><font size=\"4\" \/><\/font><\/span><\/b>\u00a0<\/p>\n<p class=\"MsoNormal\"><span><font color=\"#000000\"><font size=\"4\">Los 4 graves problemas que sufre el mundo:<\/font><\/font><\/span><\/p>\n<p class=\"MsoNormal\"><span><font color=\"#000000\"><font size=\"4\" \/><\/font><\/span>\u00a0<\/p>\n<p class=\"MsoNormal\"><span><font color=\"#000000\"><font size=\"4\" \/><\/font><\/span>\u00a0<\/p>\n<p class=\"MsoNormal\"><font color=\"#000000\"><font size=\"4\"><span><span>&#8211;<span><font face=\"Palatino Linotype\">\u00a0\u00a0\u00a0\u00a0\u00a0\u00a0\u00a0\u00a0 <\/font><\/span><\/span><\/span><span>Las guerras<\/span><\/font><\/font><\/p>\n<p class=\"MsoNormal\"><font color=\"#000000\"><font size=\"4\"><span><span>&#8211;<span><font face=\"Palatino Linotype\">\u00a0\u00a0\u00a0\u00a0\u00a0\u00a0\u00a0\u00a0 <\/font><\/span><\/span><\/span><span>El terrorismo internacional<\/span><\/font><\/font><\/p>\n<p class=\"MsoNormal\"><font color=\"#000000\"><font size=\"4\"><span><span>&#8211;<span><font face=\"Palatino Linotype\">\u00a0\u00a0\u00a0\u00a0\u00a0\u00a0\u00a0\u00a0 <\/font><\/span><\/span><\/span><span>El hambre y la pobreza de los pa\u00edses del Tercer Mundo<\/span><\/font><\/font><\/p>\n<p class=\"MsoNormal\"><font color=\"#000000\"><font size=\"4\"><span><span>&#8211;<span><font face=\"Palatino Linotype\">\u00a0\u00a0\u00a0\u00a0\u00a0\u00a0\u00a0\u00a0 <\/font><\/span><\/span><\/span><span>La degradaci\u00f3n medioambiental y la destrucci\u00f3n del planeta<\/span><\/font><\/font><\/p>\n<p class=\"MsoNormal\"><span><font color=\"#000000\" size=\"4\">\u00a0<\/font><\/span><\/p>\n<p class=\"MsoNormal\"><span><font color=\"#000000\"><font size=\"4\">Fotograf\u00eda arriba a la izquierda (Las guerras)<\/font><\/font><\/span><\/p>\n<p class=\"MsoNormal\"><span><font color=\"#000000\" size=\"4\">Fuente: <\/font><a href=\"http:\/\/elproyectomatriz.files.wordpress.com\/2008\/03\/atentado-iraq.jpg\"><font color=\"blue\" size=\"4\">http:\/\/elproyectomatriz.files.wordpress.com\/2008\/03\/atentado-iraq.jpg<\/font><\/a><\/span><\/p>\n<p class=\"MsoNormal\"><span><font color=\"blue\" size=\"4\">\u00a0<\/font><\/span><\/p>\n<p class=\"MsoNormal\"><span><font color=\"#000000\"><font size=\"4\">Fotograf\u00eda arriba la derecha (El terrorismo internacional)<\/font><\/font><\/span><\/p>\n<p class=\"MsoNormal\"><span><font color=\"#000000\" size=\"4\">Fuente: <\/font><a href=\"http:\/\/cdn2.webadictos.net\/media\/2012\/09\/ataque-a-las-torres-gemelas.jpg\"><font color=\"blue\" size=\"4\">http:\/\/cdn2.webadictos.net\/media\/2012\/09\/ataque-a-las-torres-gemelas.jpg<\/font><\/a><\/span><\/p>\n<p class=\"MsoNormal\"><span><font color=\"#000000\" size=\"4\">\u00a0<\/font><\/span><\/p>\n<p class=\"MsoNormal\"><span><font color=\"#000000\" size=\"4\">\u00a0<\/font><\/span><\/p>\n<p class=\"MsoNormal\"><span><font color=\"#000000\"><font size=\"4\">Fotograf\u00eda de abajo a la izquierda (Las hambrunas y la pobreza de los pa\u00edses que componen el Tercer Mundo)<\/font><\/font><\/span><\/p>\n<p class=\"MsoNormal\"><font size=\"4\"><font color=\"#000000\"><span>Fuente:<\/span><font face=\"Palatino Linotype\"> <\/font><\/font><span><a href=\"http:\/\/media.elsiglodetorreon.com.mx\/i\/2011\/08\/315672.jpeg\"><font color=\"blue\">http:\/\/media.elsiglodetorreon.com.mx\/i\/2011\/08\/315672.jpeg<\/font><\/a><\/span><\/font><\/p>\n<p class=\"MsoNormal\"><span><font color=\"#000000\" size=\"4\">\u00a0<\/font><\/span><\/p>\n<p class=\"MsoNormal\"><span><font color=\"#000000\"><font size=\"4\">Fotograf\u00eda abajo a la derecha (La degradaci\u00f3n y destrucci\u00f3n planetaria)<\/font><\/font><\/span><\/p>\n<p class=\"MsoNormal\"><span><font color=\"#000000\" size=\"4\">Fuente: <\/font><a href=\"http:\/\/andyfibar.files.wordpress.com\/2011\/03\/el-apocalipsis-y-el-destino-de-nuestro-planeta1.jpg\"><font color=\"blue\" size=\"4\">http:\/\/andyfibar.files.wordpress.com\/2011\/03\/el-apocalipsis-y-el-destino-de-nuestro-planeta1.jpg<\/font><\/a><\/span><\/p>\n<p class=\"MsoNormal\"><span><font color=\"#000000\" size=\"4\">\u00a0<\/font><\/span><\/p>\n<p class=\"MsoNormal\"><b><span><font color=\"#000000\"><font size=\"4\">ENLACE INTERNO<\/font><\/font><\/span><\/b><\/p>\n<p class=\"MsoNormal\"><b><span><font color=\"#000000\" size=\"4\">\u00a0<\/font><\/span><\/b><\/p>\n<p class=\"MsoNormal\"><span><font color=\"#000000\"><font size=\"4\">El Estado de la Naci\u00f3n<\/font><\/font><\/span><\/p>\n<p class=\"MsoNormal\"><font size=\"4\"><span lang=\"EN-GB\"><font color=\"#000000\">Enlace: <\/font><\/span><span><a href=\"http:\/\/jesusfraga.blogspot.es\/i2012-02\/\"><span lang=\"EN-GB\"><font color=\"#0000ff\" size=\"4\"><strong>http:\/\/jesusfraga.blogspot.es\/i2012-02\/<\/strong><\/font><\/span><\/a><\/span><span lang=\"EN-GB\" \/><\/font><\/p>\n<p class=\"MsoNormal\"><span lang=\"EN-GB\"><font color=\"#000000\" size=\"4\">\u00a0<\/font><\/span><\/p>\n<p class=\"MsoNormal\"><b><span><font color=\"#000000\"><font size=\"4\">ENLACES EXTERNOS<\/font><\/font><\/span><\/b><\/p>\n<p class=\"MsoNormal\"><span><font color=\"#000000\" size=\"4\">\u00a0<\/font><\/span><\/p>\n<p class=\"MsoNormal\"><span><font color=\"#000000\"><font size=\"4\">Canci\u00f3n <i>Imagine<\/i> <span>\u00a0<\/span>&#8211; <i>John Lennon<\/i>&#8211;<\/font><\/font><\/span><\/p>\n<p class=\"MsoNormal\"><span><font color=\"#000000\" size=\"4\"><u>Enlace<\/u><\/font><\/span><\/p>\n<p class=\"MsoNormal\"><span><font color=\"#000000\" size=\"4\" \/><\/span>\u00a0<\/p>\n<p class=\"MsoNormal\"><span>\u00a0<a href=\"http:\/\/www.youtube.com\/watch?v=DCX3ZNDZAwY\"><font color=\"#0000ff\" size=\"4\"><strong>http:\/\/www.youtube.com\/watch?v=DCX3ZNDZAwY<\/strong><\/font><\/a><\/span><\/p>\n<p class=\"MsoNormal\"><span lang=\"EN-GB\"><font color=\"#000000\" size=\"4\">\u00a0<\/font><\/span><\/p>\n<p class=\"MsoNormal\"><span lang=\"EN-GB\"><font color=\"#000000\"><font size=\"4\">Canci\u00f3n <i>We are the World<\/i> <span>\u00a0<\/span>&#8211;<i>Michael Jackson<\/i>&#8211; <span>\u00a0<\/span><\/font><\/font><\/span><\/p>\n<p class=\"MsoNormal\"><span lang=\"EN-GB\"><font color=\"#000000\" size=\"4\"><u>Enlace<\/u><\/font><\/span><\/p>\n<p class=\"MsoNormal\"><span lang=\"EN-GB\" \/>\u00a0<\/p>\n<p class=\"MsoNormal\"><span lang=\"EN-GB\"><a href=\"http:\/\/www.youtube.com\/watch?v=P2H6mpUnsLI\"><font color=\"#0000ff\" size=\"4\"><strong>http:\/\/www.youtube.com\/watch?v=P2H6mpUnsLI<\/strong><\/font><\/a><\/span><\/p>\n<p class=\"MsoNormal\"><span lang=\"EN-GB\"><font color=\"#000000\" size=\"4\">\u00a0<\/font><\/span><\/p>\n<p class=\"MsoNormal\"><span lang=\"EN-GB\"><font color=\"#000000\" size=\"4\" face=\"Palatino Linotype\" \/><\/span><\/p>\n","protected":false},"excerpt":{"rendered":"<p>\u00a0 LA CRISIS GLOBAL ACTUAL \u00a0 \u00a0\u00a0 \u00a0 \u00a0 \u00a0 Introducci\u00f3n \u00a0 El comienzo del&#8230;<\/p>\n","protected":false},"author":5,"featured_media":0,"comment_status":"open","ping_status":"open","sticky":false,"template":"","format":"standard","meta":{"footnotes":""},"categories":[1],"tags":[],"class_list":["post-1065","post","type-post","status-publish","format-standard","hentry","category-uncategorized"],"_links":{"self":[{"href":"https:\/\/www.jesusfragacid.com\/index.php?rest_route=\/wp\/v2\/posts\/1065","targetHints":{"allow":["GET"]}}],"collection":[{"href":"https:\/\/www.jesusfragacid.com\/index.php?rest_route=\/wp\/v2\/posts"}],"about":[{"href":"https:\/\/www.jesusfragacid.com\/index.php?rest_route=\/wp\/v2\/types\/post"}],"author":[{"embeddable":true,"href":"https:\/\/www.jesusfragacid.com\/index.php?rest_route=\/wp\/v2\/users\/5"}],"replies":[{"embeddable":true,"href":"https:\/\/www.jesusfragacid.com\/index.php?rest_route=%2Fwp%2Fv2%2Fcomments&post=1065"}],"version-history":[{"count":0,"href":"https:\/\/www.jesusfragacid.com\/index.php?rest_route=\/wp\/v2\/posts\/1065\/revisions"}],"wp:attachment":[{"href":"https:\/\/www.jesusfragacid.com\/index.php?rest_route=%2Fwp%2Fv2%2Fmedia&parent=1065"}],"wp:term":[{"taxonomy":"category","embeddable":true,"href":"https:\/\/www.jesusfragacid.com\/index.php?rest_route=%2Fwp%2Fv2%2Fcategories&post=1065"},{"taxonomy":"post_tag","embeddable":true,"href":"https:\/\/www.jesusfragacid.com\/index.php?rest_route=%2Fwp%2Fv2%2Ftags&post=1065"}],"curies":[{"name":"wp","href":"https:\/\/api.w.org\/{rel}","templated":true}]}}