{"id":1134,"date":"2012-05-29T00:00:00","date_gmt":"2012-05-29T00:00:00","guid":{"rendered":"http:\/\/www.jesusfragacid.com\/?p=1134"},"modified":"2012-05-29T00:00:00","modified_gmt":"2012-05-29T00:00:00","slug":"culture-author-llises-forest-4","status":"publish","type":"post","link":"https:\/\/www.jesusfragacid.com\/?p=1134","title":{"rendered":"CULTURE (AUTHOR: LLISES FOREST)"},"content":{"rendered":"<p style=\"margin: 0px\" align=\"center\"><font color=\"#000000\"><font face=\"Palatino Linotype, serif\"><font size=\"4\"><b><img loading=\"lazy\" decoding=\"async\" style=\"width: 441px;height: 110px\" src=\"http:\/\/www.jesusfragacid.com\/wp-content\/uploads\/2018\/03\/breaking-news-9.jpg\" height=\"337\" width=\"567\" \/><\/b><\/font><\/font><\/font><\/p>\n<p style=\"margin: 0px\" align=\"center\"><font color=\"#000000\"><font face=\"Palatino Linotype, serif\"><font size=\"4\"><b \/><\/font><\/font><\/font>\u00a0<\/p>\n<p style=\"margin: 0px\" align=\"center\"><font color=\"#000000\"><font face=\"Palatino Linotype, serif\"><font size=\"4\"><b>SUECIA CONQUISTA SU QUINTO FESTIVAL DE LA CANCI\u00d3N DE EUROVISI\u00d3N CELEBRADO EN AZERBAIY\u00c1N<\/b><\/font><\/font><\/font><\/p>\n<p style=\"margin: 0px\" align=\"center\"><strong><font color=\"#000000\" face=\"Palatino Linotype\" size=\"4\" \/><\/strong>\u00a0<\/p>\n<p style=\"margin-bottom: 0cm\" align=\"justify\"><img loading=\"lazy\" decoding=\"async\" style=\"width: 236px;height: 188px\" id=\"fancybox-img\" alt=\"\" src=\"\" height=\"450\" width=\"640\" \/>\u00a0<img loading=\"lazy\" decoding=\"async\" style=\"padding-bottom: 8px;width: 225px;padding-right: 8px;height: 182px;padding-top: 8px\" id=\"il_fi\" src=\"http:\/\/www.jesusfragacid.com\/wp-content\/uploads\/2018\/03\/Loreen20suecia20eurovisiC3B3n202012-2.jpg\" height=\"407\" width=\"611\" \/><\/p>\n<p style=\"margin-bottom: 0cm\" align=\"justify\"><\/p>\n<p style=\"margin-bottom: 0cm\" align=\"justify\"><font color=\"#000000\"><font face=\"Palatino Linotype, serif\"><font size=\"4\">La cantante <font color=\"#0000ff\">Loreen<\/font>, representante de Suecia, arroll\u00f3 en la edici\u00f3n n\u00famero 57 del <font color=\"#0000ff\">Festival de la Canci\u00f3n de Eurovisi\u00f3n<\/font> (<font color=\"#0000ff\">Eurovision Song Contest<\/font>) de 2012 celebrado en la ciudad de <font color=\"#0000ff\">Bak\u00fa<\/font> (Azerbaiy\u00e1n) con el impresionante\u00a0y espectacular\u00a0tema <font color=\"#0000ff\"><i>Euphoria<\/i><\/font>. El Festival fue un tanto previsible, ya que Suecia part\u00eda como clara favorita en todas las apuestas. La ceremonia se realiz\u00f3 en el <font color=\"#0000ff\"><i>Christal Hall<\/i><\/font><font color=\"#0000ff\"> <\/font>de Bak\u00fa ante un aforo de 25.000 personas de toda Europa. Los organizadores hicieron un enorme\u00a0\u00a0e\u00a0impresionante despliegue t\u00e9cnico para la realizaci\u00f3n del certamen musical m\u00e1s importante en Europa. La representante espa\u00f1ola, <font color=\"#0000ff\">Pastora Soler<\/font>, qued\u00f3 en el puesto d\u00e9cimo con su balada <font color=\"#0000ff\">\u201cQu\u00e9date conmigo\u201d<\/font>, el mejor puesto que alcanza Espa\u00f1a desde que en 2004 el canario Ram\u00f3n quedara en mismo puesto. Espa\u00f1a part\u00eda en las quinielas como una de las favoritas para poder hacerse con este codiciado galard\u00f3n. De hecho, la prensa internacional acreditada en Bak\u00fa realiz\u00f3 una votaci\u00f3n en donde sali\u00f3 ganadora Pastora Soler, seguida de Suecia. No obstante, el tema interpretado por Pastora no sedujo a los eurofans, situ\u00e1ndose entre las 10 pa\u00edses m\u00e1s votados del certamen. <\/font><\/font><\/font><\/p>\n<p style=\"margin-bottom: 0cm\" align=\"justify\"><\/p>\n<p style=\"margin-bottom: 0cm\" align=\"justify\"><font color=\"#000000\"><font face=\"Palatino Linotype, serif\"><font size=\"4\">En el segundo puesto quedaron las simp\u00e1ticas \u201cabuelas\u201d rusas, el <\/font><\/font><\/font><font color=\"#000000\"><font face=\"Palatino Linotype, serif\"><font size=\"4\"><span style=\"font-style: normal\"><span style=\"font-weight: normal\">grupo <\/span><\/span><\/font><\/font><\/font><font color=\"#0000ff\"><font face=\"Palatino Linotype, serif\"><font size=\"4\"><span style=\"font-style: normal\"><span style=\"font-weight: normal\">Buranovskiye Babushki<\/span><\/span><\/font><\/font><\/font><font color=\"#000000\"><font face=\"Palatino Linotype, serif\"><font size=\"4\"><span style=\"font-style: normal\"><span style=\"font-weight: normal\">, que defend\u00edan el tema\u00a0<\/span><\/span><\/font><\/font><\/font><em><font color=\"#000000\"><font face=\"Palatino Linotype, serif\"><font size=\"4\"><span style=\"font-weight: normal\"><span>ethno-pop <\/span><\/span><\/font><\/font><\/font><\/em><em><font color=\"#0000ff\"><font face=\"Palatino Linotype, serif\"><font size=\"4\"><span style=\"font-weight: normal\"><span>Party for everybody<\/span><\/span><\/font><\/font><\/font><\/em><em><font color=\"#000000\"><font face=\"Palatino Linotype, serif\"><font size=\"4\"><span style=\"font-style: normal\"><span style=\"font-weight: normal\"><span>.<\/span><\/span><\/span><\/font><\/font><\/font><\/em><\/p>\n<p style=\"margin-bottom: 0cm\" align=\"justify\"><\/p>\n<p style=\"margin: 0px\" align=\"justify\"><em><font color=\"#000000\"><font face=\"Palatino Linotype, serif\"><font size=\"4\"><span style=\"font-style: normal\"><span style=\"font-weight: normal\"><span>Grecia, Chipre, Ruman\u00eda, Francia o Ucrania fueron algunas de las canciones m\u00e1s aclamadas por el p\u00fablico. No obstante, la representante de Suecia, <\/span><\/span><\/span><\/font><\/font><\/font><\/em><em><font color=\"#0000ff\"><font face=\"Palatino Linotype, serif\"><font size=\"4\"><span style=\"font-style: normal\"><span style=\"font-weight: normal\"><span>Loreen<\/span><\/span><\/span><\/font><\/font><\/font><\/em><em><font color=\"#000000\"><font face=\"Palatino Linotype, serif\"><font size=\"4\"><span style=\"font-style: normal\"><span style=\"font-weight: normal\"><span>, encandil\u00f3 al p\u00fablico nada m\u00e1s iniciar su interpretaci\u00f3n en el espectacular escenario del <\/span><\/span><\/span><\/font><\/font><\/font><\/em><em><font color=\"#0000ff\"><font face=\"Palatino Linotype, serif\"><font size=\"4\"><i><span style=\"font-weight: normal\"><span>Christal Hall<\/span><\/span><\/i><\/font><\/font><\/font><\/em><em><font color=\"#000000\"><font face=\"Palatino Linotype, serif\"><font size=\"4\"><span style=\"font-style: normal\"><span style=\"font-weight: normal\"><span>. De hecho, fue la m\u00e1s aplaudida y vitoreada con diferencia de todo el Festival.<\/span><\/span><\/span><\/font><\/font><\/font><\/em><\/p>\n<p style=\"margin: 0px\" align=\"justify\"><em><font color=\"#000000\"><font face=\"Palatino Linotype, serif\"><font size=\"4\"><span style=\"font-style: normal\"><span style=\"font-weight: normal\"><span \/><\/span><\/span><\/font><\/font><\/font><\/em>\u00a0<\/p>\n<p style=\"margin: 0px\" align=\"justify\"><em><font color=\"#000000\"><font face=\"Palatino Linotype, serif\"><font size=\"4\"><span style=\"font-style: normal\"><span style=\"font-weight: normal\"><span \/><\/span><\/span><\/font><\/font><\/font><\/em>\u00a0<\/p>\n<p style=\"margin: 0px\" align=\"justify\"><em><font color=\"#000000\"><font face=\"Palatino Linotype, serif\"><font size=\"4\"><span style=\"font-style: normal\"><span style=\"font-weight: normal\"><span \/><\/span><\/span><\/font><\/font><\/font><\/em><font color=\"#000000\"><font face=\"Palatino Linotype, serif\"><font size=\"4\">El Festival estuvo cargado de mucho glamour, con buenas canciones, guapas int\u00e9rpretes, exuberantes estilismos, trabajadas coreograf\u00edas, un impresionante espect\u00e1culo de luz, sonido y ludotecnia, buen montaje de los videos sobre la ciudad de Bak\u00fa, etc. <\/font><\/font><\/font><\/p>\n<p style=\"margin-bottom: 0cm\" align=\"justify\"><\/p>\n<p style=\"margin-bottom: 0cm\" align=\"justify\"><\/p>\n<p style=\"margin-bottom: 0cm\" align=\"justify\"><font color=\"#000000\"><font face=\"Palatino Linotype, serif\"><font size=\"4\">En el Festival participaron 43 pa\u00edses, de ellos 21 superaron las semifinales, pasando a la gran final, junto con el <font color=\"#0000ff\"><i>Big Five<\/i><\/font> (<font color=\"#0000ff\">Espa\u00f1a, Reino Unido, Italia, Alemania y Francia<\/font>), grupo de 5 pa\u00edses que tienen asegurada todos los a\u00f1os disputar la final. En total, son 26 los pa\u00edses que participaron en la final.<\/font><\/font><\/font><\/p>\n<p style=\"margin-bottom: 0cm\" align=\"justify\"><\/p>\n<p style=\"margin: 0px\" align=\"justify\"><font color=\"#000000\"><font face=\"Palatino Linotype, serif\"><font size=\"4\">Las votaciones se realizan en un 50 % por un jurado profesional y el otro 50 % por televoto de la audiencia.<\/font><\/font><\/font><\/p>\n<p style=\"margin: 0px\" align=\"justify\"><font color=\"#000000\" face=\"Palatino Linotype\" size=\"4\" \/>\u00a0<\/p>\n<p style=\"margin-bottom: 0cm\" align=\"justify\" \/>\n<p style=\"line-height: 0.5cm;margin-bottom: 0cm\" align=\"justify\"><font color=\"#000000\"><font face=\"Palatino Linotype, serif\"><font size=\"4\"><span style=\"font-style: normal\"><span style=\"font-weight: normal\">El<\/span><\/span><\/font><\/font><\/font><font color=\"#0000ff\"><font face=\"Palatino Linotype, serif\"><font size=\"4\"><span style=\"font-style: normal\"><span style=\"font-weight: normal\"> Festival de Eurovisi\u00f3n <\/span><\/span><\/font><\/font><\/font><font color=\"#000000\"><font face=\"Palatino Linotype, serif\"><font size=\"4\"><span style=\"font-style: normal\"><span style=\"font-weight: normal\">es el <\/span><\/span><\/font><\/font><\/font><font color=\"#0000ff\"><font face=\"Palatino Linotype, serif\"><font size=\"4\"><span style=\"font-style: normal\"><span style=\"font-weight: normal\">evento musical m\u00e1s importante y prestigioso del mundo en t\u00e9rminos de audiencia<\/span><\/span><\/font><\/font><\/font><font color=\"#000000\"><font face=\"Palatino Linotype, serif\"><font size=\"4\"><span style=\"font-style: normal\"><span style=\"font-weight: normal\">, en la que se estima que entre <\/span><\/span><\/font><\/font><\/font><font color=\"#000000\"><font face=\"Palatino Linotype, serif\"><font size=\"4\"><span style=\"font-style: normal\"><span style=\"text-decoration: none\"><span style=\"font-weight: normal\">100 y 600 millones lo siguen por televisi\u00f3n. <span style=\"line-height: 115%;font-family: 'Palatino Linotype','serif';color: black;font-size: 13.5pt\">Este impresionante evento es transmitido alrededor de todo el planeta (m\u00e1s all\u00e1 del continente europeo), incluso en pa\u00edses que no participan en el propio Festival, como EE.UU., Canad\u00e1, Australia, Nueva Zelanda, Corea del Sur, Egipto, Hong Kong, India, Jordania, Argentina, Colombia, El Salvador, Guatemala, Honduras, Paraguay, Per\u00fa, Puerto Rico y Venezuela. <\/span><\/span><\/span><\/span><\/font><\/font><\/font><font color=\"#0000ff\"><font face=\"Palatino Linotype, serif\"><font size=\"4\"><span style=\"text-decoration: none\">La audiencia potencial del certamen puede superar los 1.000 millones de telespectadores.\u00a0<\/span><\/font><\/font><\/font><font color=\"#000000\"><font face=\"Palatino Linotype, serif\"><font size=\"4\"><span style=\"font-style: normal\"><span style=\"font-weight: normal\" \/><\/span><\/font><\/font><\/font>\u00a0<\/p>\n<p style=\"margin: 0px;line-height: 0.5cm\" align=\"justify\"><font color=\"#000000\"><font face=\"Palatino Linotype, serif\"><font size=\"4\"><span style=\"font-style: normal\"><span style=\"font-weight: normal\" \/><\/span><\/font><\/font><\/font>\u00a0<\/p>\n<p style=\"margin: 0px;line-height: 0.5cm\" align=\"justify\"><font color=\"#000000\"><font face=\"Palatino Linotype, serif\"><font size=\"4\"><span style=\"font-style: normal\"><span style=\"font-weight: normal\" \/><\/span><\/font><\/font><\/font>\u00a0<\/p>\n<p style=\"margin: 0px;line-height: 0.5cm\" align=\"justify\"><font color=\"#000000\"><font face=\"Palatino Linotype, serif\"><font size=\"4\"><span style=\"font-style: normal\"><span style=\"font-weight: normal\">En el certamen participan int\u00e9rpretes representantes de los pa\u00edses cuyas televisiones (en su mayor\u00eda p\u00fablicas) son miembros de la <\/span><\/span><\/font><\/font><\/font><font color=\"#000080\"><span lang=\"zxx\"><u><a href=\"http:\/\/es.wikipedia.org\/wiki\/Uni%C3%B3n_Europea_de_Radiodifusi%C3%B3n\"><font color=\"#0000ff\"><span style=\"text-decoration: none\"><font face=\"Palatino Linotype, serif\"><font size=\"4\"><span style=\"font-style: normal\"><span style=\"font-weight: normal\">Uni\u00f3n Europea de Radiodifusi\u00f3n<\/span><\/span><\/font><\/font><\/span><\/font><\/a><\/u><\/span><\/font><font color=\"#000000\"><font face=\"Palatino Linotype, serif\"><font size=\"4\"><span style=\"font-style: normal\"><span style=\"font-weight: normal\">\u00a0<\/span><\/span><\/font><\/font><\/font><font color=\"#000000\"><font face=\"Palatino Linotype, serif\"><font size=\"4\"> (<\/font><\/font><\/font><font color=\"#0000ff\"><font face=\"Palatino Linotype, serif\"><font size=\"4\">U.E.R<\/font><\/font><\/font><font color=\"#000000\"><font face=\"Palatino Linotype, serif\"><font size=\"4\">.).<\/font><\/font><\/font><\/p>\n<p style=\"margin-bottom: 0cm\" align=\"justify\"><\/p>\n<p style=\"margin-bottom: 0cm\" align=\"justify\"><font color=\"#000000\"><font face=\"Palatino Linotype, serif\"><font size=\"4\">Como todos sabemos, la sede de la pr\u00f3xima edici\u00f3n del Festival de Eurovisi\u00f3n ser\u00e1 en Suecia el a\u00f1o que viene.<\/font><\/font><\/font><\/p>\n<p style=\"margin: 0px\" align=\"justify\">\u00a0<\/p>\n<p style=\"margin: 0px\" align=\"justify\">\u00a0<\/p>\n<p style=\"margin: 0px\" align=\"justify\"><img loading=\"lazy\" decoding=\"async\" style=\"width: 230px;height: 181px\" alt=\"\" src=\"\" height=\"307\" width=\"410\" \/>\u00a0<img loading=\"lazy\" decoding=\"async\" style=\"width: 224px;height: 181px\" title=\"Pastora Soler\" alt=\"Pastora Soler\" src=\"http:\/\/www.jesusfragacid.com\/wp-content\/uploads\/2018\/03\/62470-944-550-2.jpg\" height=\"550\" width=\"944\" \/><\/p>\n<p style=\"margin: 0px\" align=\"justify\">\u00a0<\/p>\n<p><b><span style=\"font-size: 13.5pt;line-height: 115%;font-family: 'Palatino Linotype'\"><font color=\"#000000\"><font size=\"4\"><br \/>SEGUIDORES FLAG COUNTER DEL BLOG<\/font><\/font><\/span><\/b><\/p>\n<p class=\"MsoNormal\" style=\"margin: 0px;text-align: justify\"><\/p>\n<p class=\"MsoNormal\" style=\"margin: 0px;text-align: justify\"><span style=\"font-size: 13.5pt;line-height: 115%;font-family: 'Palatino Linotype'\" \/>\u00a0<\/p>\n<p class=\"MsoNormal\" style=\"margin: 0px;text-align: justify\">\u00a0<a href=\"http:\/\/s06.flagcounter.com\/more\/fIw\"><img loading=\"lazy\" decoding=\"async\" title=\"Free counters!\" style=\"width: 453px;height: 197px\" alt=\"Free counters!\" src=\"\" border=\"0\" height=\"199\" width=\"462\" \/><\/a><\/p>\n<p class=\"MsoNormal\" style=\"margin: 0px;text-align: justify\">\u00a0<\/p>\n<p><b><span style=\"font-size: 13.5pt;line-height: 115%;font-family: 'Palatino Linotype'\"><font color=\"#000000\"><font size=\"4\"><br \/>*<\/font><\/font><\/span><\/b><font color=\"#000000\"><font face=\"Palatino Linotype\"><font size=\"4\"><b>Nota:Por\u00a0 problemas t\u00e9cnicos ajenos a mi voluntad el contador devisitas no\u00a0puede ser visualizado en la barra lateral derecha deeste blog. <\/b><\/font><\/font><\/font><\/p>\n<p style=\"margin-bottom: 0cm;line-height: 115%\" \/>\n<p style=\"margin: 0px\" align=\"justify\"><\/p>\n<p style=\"margin-bottom: 0cm\" align=\"justify\"><font color=\"#000000\"><font face=\"Palatino Linotype, serif\"><font size=\"4\"><b>FUENTES CONSULTADAS FOTOFRAF\u00cdAS<\/b><\/font><\/font><\/font><\/p>\n<p style=\"margin-bottom: 0cm\" align=\"justify\"><\/p>\n<p style=\"margin-bottom: 0cm\" align=\"justify\"><font color=\"#000000\"><font face=\"Palatino Linotype, serif\"><font size=\"4\">Fotograf\u00eda de inicio a la izquierda<\/font><\/font><\/font><\/p>\n<p style=\"margin-bottom: 0cm\" align=\"justify\"><font color=\"#000000\"><font face=\"Palatino Linotype, serif\"><font size=\"4\">Fuente:<a href=\"http:\/\/www.eurovision.tv\/page\/newsid=43383&amp;_t=baku_2012_light_your_fire\"><font color=\"#0000ff\">http:\/\/www.eurovision.tv\/page\/newsid=43383&amp;_t=baku_2012_light_your_fire<\/font><\/a><\/font><\/font><\/font><\/p>\n<p style=\"margin-bottom: 0cm\" align=\"justify\"><\/p>\n<p style=\"margin-bottom: 0cm\" align=\"justify\"><font color=\"#000000\"><font face=\"Palatino Linotype, serif\"><font size=\"4\">Fotograf\u00eda de inicio a la derecha<\/font><\/font><\/font><\/p>\n<p style=\"margin-bottom: 0cm\" align=\"justify\"><font color=\"#000000\"><font face=\"Palatino Linotype, serif\"><font size=\"4\">Fuente:<a href=\"http:\/\/www.lavozlibre.com\/\"><font color=\"#0000ff\">http:\/\/www.lavozlibre.com<\/font><\/a><\/font><\/font><\/font><\/p>\n<p style=\"margin-bottom: 0cm\" align=\"justify\"><\/p>\n<p style=\"margin-bottom: 0cm\" align=\"justify\"><font color=\"#000000\"><font face=\"Palatino Linotype, serif\"><font size=\"4\">Fotograf\u00eda de abajo a la izquierda<\/font><\/font><\/font><\/p>\n<p style=\"margin-bottom: 0cm\" align=\"justify\"><font color=\"#000000\"><font face=\"Palatino Linotype, serif\"><font size=\"4\">Fuente: <a href=\"http:\/\/en.trend.az\/news\/society\/2027777.html\"><font color=\"#0000ff\">http:\/\/en.trend.az\/news\/society\/2027777.html<\/font><\/a><\/font><\/font><\/font><\/p>\n<p style=\"margin-bottom: 0cm\" align=\"justify\"><font color=\"#000000\"><font face=\"Palatino Linotype, serif\"><font size=\"4\">Fotograf\u00eda de abajo a la derecha<\/font><\/font><\/font><\/p>\n<p style=\"margin-bottom: 0cm\" align=\"justify\"><font color=\"#000000\"><font face=\"Palatino Linotype, serif\"><font size=\"4\">Fuente:<a href=\"http:\/\/www.20minutos.es\/galeria\/8591\/0\/3\/pastora-soler\/\"><font color=\"#0000ff\">http:\/\/www.20minutos.es\/galeria\/8591\/0\/3\/pastora-soler\/<\/font><\/a><\/font><\/font><\/font><\/p>\n<p style=\"margin-bottom: 0cm\" align=\"justify\"><\/p>\n<p style=\"margin-bottom: 0cm\" align=\"justify\"><\/p>\n<p style=\"margin-bottom: 0cm\" align=\"justify\"><font color=\"#000000\"><font face=\"Palatino Linotype, serif\"><font size=\"4\"><b>ENLACES EXTERNOS<\/b><\/font><\/font><\/font><\/p>\n<p style=\"margin-bottom: 0cm\" align=\"justify\"><\/p>\n<p style=\"margin-bottom: 0cm\" align=\"justify\"><font color=\"#000000\"><font face=\"Palatino Linotype, serif\"><font size=\"4\">La canci\u00f3n ganadora del Festival de Eurovisi\u00f3n<\/font><\/font><\/font><\/p>\n<p style=\"margin-bottom: 0cm\" align=\"justify\"><font color=\"#000000\"><font face=\"Palatino Linotype, serif\"><font size=\"4\">Euphoria -Loreen- \u00a1IMPRESIONANTE Y MARAVILLOSA CANCI\u00d3N!<\/font><\/font><\/font><\/p>\n<p style=\"margin-bottom: 0cm\" align=\"justify\"><\/p>\n<p style=\"margin-bottom: 0cm\" align=\"justify\"><font size=\"4\"><font color=\"#000000\"><font face=\"Palatino Linotype, serif\">Enlace:<\/font><\/font><font face=\"Palatino Linotype, serif\"><u><a href=\"http:\/\/www.youtube.com\/watch?v=Pfo-8z86x80\"><font color=\"#0000ff\" size=\"5\">http:\/\/www.youtube.com\/watch?v=Pfo-8z86x80<\/font><\/a><font color=\"#0000ff\" size=\"5\"> <\/font><\/u><\/font><\/font><\/p>\n<p style=\"margin-bottom: 0cm\" align=\"justify\"><\/p>\n<p style=\"margin-bottom: 0cm\" align=\"justify\"><font color=\"#000000\"><font face=\"Palatino Linotype, serif\"><font size=\"4\">Canci\u00f3n \u201cQu\u00e9date conmigo\u201d de Pastora Soler en Eurovisi\u00f3n (TVE)<\/font><\/font><\/font><\/p>\n<p style=\"margin-bottom: 0cm\" align=\"justify\"><\/p>\n<p style=\"margin-bottom: 0cm\" align=\"justify\"><font color=\"#000000\"><font face=\"Palatino Linotype, serif\"><font size=\"4\">Enlace: <\/font><\/font><\/font><font face=\"Palatino Linotype, serif\"><font size=\"4\"><a href=\"http:\/\/www.youtube.com\/watch?v=kqbp5JN6Dp4\"><font color=\"#0000ff\" size=\"5\">http:\/\/www.youtube.com\/watch?v=kqbp5JN6Dp4<\/font><\/a> <\/font><\/font><\/p>\n<p style=\"margin-bottom: 0cm\" align=\"justify\"><\/p>\n<p style=\"margin-bottom: 0cm\" align=\"justify\"><font color=\"#000000\"><font face=\"Palatino Linotype, serif\"><font size=\"4\">El Festival de la Canci\u00f3n de Eurovisi\u00f3n<\/font><\/font><\/font><\/p>\n<p style=\"margin-bottom: 0cm\" align=\"justify\"><\/p>\n<p style=\"margin: 0px\" align=\"justify\"><font color=\"#000000\"><font face=\"Palatino Linotype, serif\"><font size=\"4\">Enlace:<a href=\"http:\/\/es.wikipedia.org\/wiki\/Festival_de_la_Canci%C3%B3n_de_Eurovisi%C3%B3n\"><font color=\"#0000ff\">http:\/\/es.wikipedia.org\/wiki\/Festival_de_la_Canci%C3%B3n_de_Eurovisi%C3%B3n<\/font><\/a> <\/font><\/font><\/font><\/p>\n<p style=\"margin: 0px\" align=\"justify\"><font color=\"#000000\" face=\"Palatino Linotype\" size=\"4\" \/>\u00a0<\/p>\n<p style=\"margin: 0px\" align=\"justify\">\u00a0<\/p>\n<p style=\"margin: 0px\" align=\"justify\">\u00a0<\/p>\n<p style=\"margin: 0px\" align=\"justify\">\u00a0<\/p>\n","protected":false},"excerpt":{"rendered":"<p>\u00a0 SUECIA CONQUISTA SU QUINTO FESTIVAL DE LA CANCI\u00d3N DE EUROVISI\u00d3N CELEBRADO EN AZERBAIY\u00c1N \u00a0&#8230;<\/p>\n","protected":false},"author":5,"featured_media":0,"comment_status":"open","ping_status":"open","sticky":false,"template":"","format":"standard","meta":{"footnotes":""},"categories":[1],"tags":[],"class_list":["post-1134","post","type-post","status-publish","format-standard","hentry","category-uncategorized"],"_links":{"self":[{"href":"https:\/\/www.jesusfragacid.com\/index.php?rest_route=\/wp\/v2\/posts\/1134","targetHints":{"allow":["GET"]}}],"collection":[{"href":"https:\/\/www.jesusfragacid.com\/index.php?rest_route=\/wp\/v2\/posts"}],"about":[{"href":"https:\/\/www.jesusfragacid.com\/index.php?rest_route=\/wp\/v2\/types\/post"}],"author":[{"embeddable":true,"href":"https:\/\/www.jesusfragacid.com\/index.php?rest_route=\/wp\/v2\/users\/5"}],"replies":[{"embeddable":true,"href":"https:\/\/www.jesusfragacid.com\/index.php?rest_route=%2Fwp%2Fv2%2Fcomments&post=1134"}],"version-history":[{"count":0,"href":"https:\/\/www.jesusfragacid.com\/index.php?rest_route=\/wp\/v2\/posts\/1134\/revisions"}],"wp:attachment":[{"href":"https:\/\/www.jesusfragacid.com\/index.php?rest_route=%2Fwp%2Fv2%2Fmedia&parent=1134"}],"wp:term":[{"taxonomy":"category","embeddable":true,"href":"https:\/\/www.jesusfragacid.com\/index.php?rest_route=%2Fwp%2Fv2%2Fcategories&post=1134"},{"taxonomy":"post_tag","embeddable":true,"href":"https:\/\/www.jesusfragacid.com\/index.php?rest_route=%2Fwp%2Fv2%2Ftags&post=1134"}],"curies":[{"name":"wp","href":"https:\/\/api.w.org\/{rel}","templated":true}]}}