{"id":1208,"date":"2012-03-07T00:00:00","date_gmt":"2012-03-07T00:00:00","guid":{"rendered":"http:\/\/www.jesusfragacid.com\/?p=1208"},"modified":"2012-03-07T00:00:00","modified_gmt":"2012-03-07T00:00:00","slug":"biography","status":"publish","type":"post","link":"https:\/\/www.jesusfragacid.com\/?p=1208","title":{"rendered":"BIOGRAPHY"},"content":{"rendered":"<p class=\"MsoNormal\" align=\"center\"><span><strong>BIOGRAF\u00cdA<\/strong><\/span><\/p>\n<p class=\"MsoNormal\"><span><strong>\u00a0<\/strong><\/span><\/p>\n<p class=\"MsoNormal\"><span><strong>\u00a0\u00a0\u00a0\u00a0\u00a0\u00a0\u00a0\u00a0\u00a0\u00a0\u00a0\u00a0\u00a0\u00a0\u00a0\u00a0\u00a0\u00a0\u00a0\u00a0\u00a0\u00a0\u00a0\u00a0\u00a0\u00a0\u00a0\u00a0\u00a0\u00a0\u00a0\u00a0\u00a0\u00a0\u00a0\u00a0\u00a0\u00a0\u00a0\u00a0\u00a0\u00a0<img loading=\"lazy\" decoding=\"async\" src=\"\" width=\"482\" height=\"720\" \/><\/strong><\/span><\/p>\n<p class=\"MsoNormal\"><span><strong \/><\/span><\/p>\n<p class=\"MsoNormal\"><font color=\"#000000\"><font face=\"Palatino Linotype, serif\"><font size=\"4\" \/><\/font><\/font><strong>\u00a0<\/strong><\/p>\n<p class=\"MsoNormal\"><strong><font color=\"#000000\"><font face=\"Palatino Linotype, serif\"><font size=\"4\">Jes\u00fas Fraga Cid es un escritor, pensador y divulgador cient\u00edfico freelance nacido en el municipio de Allariz, provincia de Ourense, el d\u00eda 12 de febrero del a\u00f1o 1977. Desde los primeros a\u00f1os de su infancia, de la cual pasar\u00eda 6 a\u00f1os internado en un centro de monjas en la ciudad de Ourense, sentir\u00eda una especial afinidad y vocaci\u00f3n por el idioma ingl\u00e9s y todo lo relacionado con la cultura anglosajona y estadounidense, empezando el estudio del mencionado idioma a trav\u00e9s de alg\u00fan c\u00f3mic, cintas de casete,\u00a0 fasc\u00edculos y revistas. Despu\u00e9s de unos a\u00f1os de titubeo en los estudios durante su adolescencia, acabar\u00eda consiguiendo el t\u00edtulo de <\/font><\/font><\/font><font color=\"#000000\"><font face=\"Palatino Linotype, serif\"><font size=\"4\">T\u00e9cnico Especialista en Administrativ<\/font><\/font><\/font><font color=\"#000000\"><font face=\"Palatino Linotype, serif\"><font size=\"4\">o en un instituto ourensano y el de <\/font><\/font><\/font><font color=\"#000000\"><font face=\"Palatino Linotype, serif\"><font size=\"4\">Diplomado en Relaciones Laborales<\/font><\/font><\/font><font color=\"#000000\"><font face=\"Palatino Linotype, serif\"><font size=\"4\"> por la <\/font><\/font><\/font><font color=\"#000000\"><font face=\"Palatino Linotype, serif\"><font size=\"4\">Facultad de Ciencias Jur\u00eddicas y del Trabajo de la Universidad de Vigo<\/font><\/font><\/font><font color=\"#000000\"><font face=\"Palatino Linotype, serif\"><font size=\"4\">. Fruto de su creciente inter\u00e9s por lectura, es una persona iniciada en el estudio de la teolog\u00eda, la filosof\u00eda, la antropolog\u00eda y las religiones comparadas, y ampliamente formada y culta en el\u00a0campo de la Sindonolog\u00eda, Tanatolog\u00eda y Parapsicolog\u00eda Cient\u00edfica. Tambi\u00e9n posee unos conocimientos a nivel inici\u00e1tico en F\u00edsica Cu\u00e1ntica, Psicolog\u00eda Transpersonal, Neuroteolog\u00eda y Neurolog\u00eda Cu\u00e1ntica. Es autor del ensayo multidisciplinar \u201c<\/font><\/font><\/font><font color=\"#000000\"><font face=\"Palatino Linotype, serif\"><font size=\"4\"><i>Dios, ciencia y lacras sociales\u201d \u2013Una mirada humana, \u00e9tica y espiritual a los grandes interrogantes sobre la naturaleza humana-<\/i><\/font><\/font><\/font><font color=\"#000000\"><font face=\"Palatino Linotype, serif\"><font size=\"4\"> Por otra parte, es importante mencionar que a ra\u00edz del testimonio sobre una asombrosa y fascinante Experiencia Cercana a la Muerte (ECM) vivida por un pariente suyo tras sufrir un infarto cerebral, emprender\u00eda una larga y apasionante investigaci\u00f3n period\u00edstica de m\u00e1s de 8 a\u00f1os de duraci\u00f3n sobre la eterna y m\u00e1s primordial cuesti\u00f3n de la condici\u00f3n humana, apoy\u00e1ndose documentalmente a trav\u00e9s de la lectura\u00a0 de libros, art\u00edculos de Internet y documentos videogr\u00e1ficos sobre las ramas de la parapsicolog\u00eda y la tanatolog\u00eda. Igualmente, realizar\u00eda una especie de trabajo de campo, en el que realizar\u00eda una serie de entrevistas a personas de su entorno social que han estado en trance de muerte y han vuelto a la vida tras una muerte cl\u00ednica. Fruto de esta larga y apasionante investigaci\u00f3n le llev\u00f3 a la publicaci\u00f3n de un segundo ensayo de car\u00e1cter cient\u00edfico: \u201c<\/font><\/font><\/font><font color=\"#000000\"><font face=\"Palatino Linotype, serif\"><font size=\"4\"><i>Un puente entre ciencia y espiritualidad\u201d \u2013An\u00e1lisis cient\u00edfico en torno a las experiencias cercanas a la muerte (ECM)-<\/i><\/font><\/font><\/font><font color=\"#000000\"><font face=\"Palatino Linotype, serif\"><font size=\"4\">. Completar\u00eda su formaci\u00f3n cultural realizando un proyecto de investigaci\u00f3n period\u00edstico sobre el objeto arqueol\u00f3gico m\u00e1s importante, famoso, controvertido y estudiado de toda la historia de la humanidad, la Santa S\u00edndone de Tur\u00edn (seg\u00fan la tradici\u00f3n cristiana, este lienzo envolvi\u00f3 el cuerpo sin vida de Nuestro Se\u00f1or Jesucristo y su imagen enigm\u00e1tica se le atribuye, seg\u00fan la fe cristina y la ciencia espacial moderna, al proceso de radicaci\u00f3n que tuvo lugar durante Su Resurrecci\u00f3n), durante 3 a\u00f1os por su cuenta, document\u00e1ndose a trav\u00e9s del an\u00e1lisis, contraste y verificaci\u00f3n de informaci\u00f3n obtenida en 25 p\u00e1ginas web de Internet aproximadamente, en 8 programas audiovisuales, 5 programas radiof\u00f3nicos, 5 libros, 28 diapositivas y m\u00e1s de 5 art\u00edculos extensos redactados por \u00e9l mismo sobre este incomparable y crucial objeto arqueol\u00f3gico. Profesionalmente hablando, realizar\u00eda pr\u00e1cticas de empresa como administrativo en una entidad bancaria y en una compa\u00f1\u00eda de seguros como auxiliar administrativo y se emplear\u00eda temporalmente en el sector de la hosteler\u00eda como camarero y ayudante de cocina,\u00a0como pe\u00f3n\u00a0forestal,\u00a0como repartidor de publicidad, como realizador de encuestas, como agente de seguros, de gu\u00eda tur\u00edstico, operario de f\u00e1brica, etc. Finalmente, a la edad de 25 a\u00f1os tomar\u00eda la firme y valiente decisi\u00f3n de emigrar de manera temporal de Galicia para establecer contacto directo con la capital del Reino Unido y de este modo conocer en primera persona su cultura, lengua y costumbres. A ra\u00edz de su larga estancia, relativamente hablando, en la capital brit\u00e1nica escribi\u00f3 y public\u00f3 su tercer y \u00faltimo libro \u201c<\/font><\/font><\/font><font color=\"#000000\"><font face=\"Palatino Linotype, serif\"><font size=\"4\"><i>Memorias de un rom\u00e1ntico en la capital londinense\u201d<\/i><\/font><\/font><\/font><font color=\"#000000\"><font face=\"Palatino Linotype, serif\"><font size=\"4\"> (ensayo-biograf\u00eda) en el que narra desde un punto de vista did\u00e1ctico y biogr\u00e1fico sus experiencias personales y laborales en dicha ciudad. Jes\u00fas Fraga finaliz\u00f3\u00a0un <\/font><\/font><\/font><font color=\"#000000\"><font face=\"Palatino Linotype, serif\"><font size=\"4\">M\u00e1ster Oficial en Estudios Sociales de Ciencia y Tecnolog\u00eda<\/font><\/font><\/font><font color=\"#000000\"><font face=\"Palatino Linotype, serif\"><font size=\"4\"> por la <\/font><\/font><\/font><font color=\"#000000\"><font face=\"Palatino Linotype, serif\"><font size=\"4\">Universidad de Salamanca<\/font><\/font><\/font><font color=\"#000000\"><font face=\"Palatino Linotype, serif\"><font size=\"4\"> (Itinerario curricular escogido: <\/font><\/font><\/font><font color=\"#000000\"><font face=\"Palatino Linotype, serif\"><font size=\"4\">Comunicaci\u00f3n de la Ciencia y la Tecnolog\u00eda<\/font><\/font><\/font><font color=\"#000000\"><font face=\"Palatino Linotype, serif\"><font size=\"4\">). (Webmaster: <\/font><\/font><\/font><\/strong><a href=\"http:\/\/mastercts.usal.es\/\"><font color=\"#0000ff\"><font face=\"Palatino Linotype, serif\"><font size=\"4\"><strong>http:\/\/mastercts.usal.es<\/strong><\/font><\/font><\/font><\/a><font color=\"#000000\"><font face=\"Palatino Linotype, serif\"><font size=\"4\"><strong>).\u00a0<\/strong><\/font><\/font><\/font><\/p>\n<p align=\"justify\"><strong><\/p>\n<p><\/strong><\/p>\n<p align=\"justify\"><strong><font color=\"#000000\"><font face=\"Palatino Linotype, serif\"><font size=\"4\">Actualmente est\u00e1 cursando una <\/font><\/font><\/font><font color=\"#000000\"><font face=\"Palatino Linotype, serif\"><font size=\"4\">titulaci\u00f3n oficial<\/font><\/font><\/font><font color=\"#000000\"><font face=\"Palatino Linotype, serif\"><font size=\"4\"> <\/font><\/font><\/font><font color=\"#000000\"><font face=\"Palatino Linotype, serif\"><font size=\"4\">en tanatolog\u00eda aplicada al campo biopsicosocial<\/font><\/font><\/font><font color=\"#000000\"><font face=\"Palatino Linotype, serif\"><font size=\"4\"> por el centro de <\/font><\/font><\/font><font color=\"#000000\"><font face=\"Palatino Linotype, serif\"><font size=\"4\">Formaci\u00f3n Carpe Diem<\/font><\/font><\/font><font color=\"#000000\"><font face=\"Palatino Linotype, serif\"><font size=\"4\">, como formaci\u00f3n complementaria a su dilatada formaci\u00f3n como tanat\u00f3logo (aparte de sindon\u00f3logo).\u00a0 Jes\u00fas Fraga Cid padece una enfermedad cr\u00f3nica desde 1998 para lo cual est\u00e1 a tratamiento m\u00e9dico y farmacol\u00f3gico. <\/font><\/font><\/font><\/strong><\/p>\n<p><font color=\"#000000\"><strong>\u00a0<\/strong><\/font><\/p>\n<p><font color=\"#000000\"><font face=\"Palatino Linotype, serif\"><font size=\"4\"><strong>FOTOGRAF\u00cdA DE ARRIBA EN EL CENTRO<\/strong><\/font><\/font><\/font><\/p>\n<p><font color=\"#000000\"><font face=\"Palatino Linotype, serif\"><font size=\"4\" \/><\/font><\/font><strong>\u00a0<\/strong><\/p>\n<p><font color=\"#000000\"><font face=\"Palatino Linotype, serif\"><font size=\"4\" \/><\/font><\/font><strong>\u00a0<\/strong><\/p>\n<p><font color=\"#000000\"><font face=\"Palatino Linotype, serif\"><font size=\"4\"><strong>En la fotograf\u00eda de arriba\u00a0aparece la inglesa Claire-Mary Pickering y Jes\u00fas Fraga Cid<\/strong><\/font><\/font><\/font><\/p>\n<p><font color=\"#003366\"><strong>\u00a0<\/strong><\/font><\/p>\n<p>\u00a0<\/p>\n<p \/>\n","protected":false},"excerpt":{"rendered":"<p>BIOGRAF\u00cdA \u00a0 \u00a0\u00a0\u00a0\u00a0\u00a0\u00a0\u00a0\u00a0\u00a0\u00a0\u00a0\u00a0\u00a0\u00a0\u00a0\u00a0\u00a0\u00a0\u00a0\u00a0\u00a0\u00a0\u00a0\u00a0\u00a0\u00a0\u00a0\u00a0\u00a0\u00a0\u00a0\u00a0\u00a0\u00a0\u00a0\u00a0\u00a0\u00a0\u00a0\u00a0\u00a0\u00a0 \u00a0 Jes\u00fas Fraga Cid es un escritor, pensador y divulgador cient\u00edfico freelance&#8230;<\/p>\n","protected":false},"author":5,"featured_media":0,"comment_status":"open","ping_status":"open","sticky":false,"template":"","format":"standard","meta":{"footnotes":""},"categories":[1],"tags":[],"class_list":["post-1208","post","type-post","status-publish","format-standard","hentry","category-uncategorized"],"_links":{"self":[{"href":"https:\/\/www.jesusfragacid.com\/index.php?rest_route=\/wp\/v2\/posts\/1208","targetHints":{"allow":["GET"]}}],"collection":[{"href":"https:\/\/www.jesusfragacid.com\/index.php?rest_route=\/wp\/v2\/posts"}],"about":[{"href":"https:\/\/www.jesusfragacid.com\/index.php?rest_route=\/wp\/v2\/types\/post"}],"author":[{"embeddable":true,"href":"https:\/\/www.jesusfragacid.com\/index.php?rest_route=\/wp\/v2\/users\/5"}],"replies":[{"embeddable":true,"href":"https:\/\/www.jesusfragacid.com\/index.php?rest_route=%2Fwp%2Fv2%2Fcomments&post=1208"}],"version-history":[{"count":0,"href":"https:\/\/www.jesusfragacid.com\/index.php?rest_route=\/wp\/v2\/posts\/1208\/revisions"}],"wp:attachment":[{"href":"https:\/\/www.jesusfragacid.com\/index.php?rest_route=%2Fwp%2Fv2%2Fmedia&parent=1208"}],"wp:term":[{"taxonomy":"category","embeddable":true,"href":"https:\/\/www.jesusfragacid.com\/index.php?rest_route=%2Fwp%2Fv2%2Fcategories&post=1208"},{"taxonomy":"post_tag","embeddable":true,"href":"https:\/\/www.jesusfragacid.com\/index.php?rest_route=%2Fwp%2Fv2%2Ftags&post=1208"}],"curies":[{"name":"wp","href":"https:\/\/api.w.org\/{rel}","templated":true}]}}