{"id":1211,"date":"2012-02-26T00:00:00","date_gmt":"2012-02-26T00:00:00","guid":{"rendered":"http:\/\/www.jesusfragacid.com\/?p=1211"},"modified":"2012-02-26T00:00:00","modified_gmt":"2012-02-26T00:00:00","slug":"politics-author-llises-forest-2","status":"publish","type":"post","link":"https:\/\/www.jesusfragacid.com\/?p=1211","title":{"rendered":"POLITICS (AUTHOR: LLISES FOREST)"},"content":{"rendered":"<p class=\"MsoNormal\"><b><span><font color=\"#000000\"><font size=\"5\">\u00a0EL ESTADO DE LA NACI\u00d3N<\/font><\/font><\/span><\/b><\/p>\n<p class=\"MsoNormal\"><b><span><font color=\"#000000\" \/><\/span><\/b>\u00a0<\/p>\n<p class=\"MsoNormal\"><b><span \/><\/b>\u00a0<\/p>\n<p class=\"MsoNormal\"><b><span>\u00a0<img loading=\"lazy\" decoding=\"async\" title=\"Imagen de la Bolsa de Madrid. | Efe\" height=\"306\" alt=\"Imagen de la Bolsa de Madrid. | Efe\" src=\"\" width=\"460\" border=\"0\" \/>\u00a0\u00a0<img loading=\"lazy\" decoding=\"async\" id=\"il_fi\" height=\"416\" src=\"\" width=\"624\" \/><\/span><\/b><\/p>\n<p class=\"MsoNormal\"><b><span>\u00a0<\/span><\/b><\/p>\n<p class=\"MsoNormal\"><b><span \/><\/b><b><u><span><font color=\"#000000\">La actual situaci\u00f3n socio-econ\u00f3mica de Espa\u00f1a<\/font><\/span><\/u><\/b><\/p>\n<p class=\"MsoNormal\"><b><u><span><font color=\"#000000\" \/><\/span><\/u><\/b>\u00a0<\/p>\n<p class=\"MsoNormal\"><b><span><font color=\"#000000\" \/><\/span><\/b><\/p>\n<p class=\"MsoNormal\"><b><span><font color=\"#000000\" \/><\/span><\/b>\u00a0<\/p>\n<p class=\"MsoNormal\"><b><span><font color=\"#000000\">Actualmente Espa\u00f1a est\u00e1 atravesando una de las peores crisis econ\u00f3micas, por no decir la peor, desde que se instaur\u00f3 la democracia. La tasa de paro en nuestro pa\u00eds es de casi el 23 %, con una cifra exorbitante de m\u00e1s de 5.200.000 parados, seg\u00fan la E.P.A. (Encuesta de Poblaci\u00f3n Activa). La tasa de paro de Espa\u00f1a duplica la media de los pa\u00edses de la Uni\u00f3n Europea. Casi el 50 % de los menores de 25 a\u00f1os est\u00e1 en el paro, muchos de ellos con buena preparaci\u00f3n acad\u00e9mica. Una de las principales causas de este descalabro se debe al pinchazo de la burbuja inmobiliaria. La construcci\u00f3n constituye el motor de la econom\u00eda espa\u00f1ola. Casi el 40 % del P.I.B. de Espa\u00f1a depende del negocio del ladrillo (el turismo es el otro sector de mayor importancia en Espa\u00f1a), pero la crisis motivada por la especulaci\u00f3n inmobiliaria y la construcci\u00f3n masiva propici\u00f3 que muchos trabajadores y obreros del sector de la construcci\u00f3n ocuparan las listas de desempleo, al igual que supuso el cierre de muchas inmobiliarias. Durante m\u00e1s de una d\u00e9cada Espa\u00f1a vivi\u00f3 del \u201cboom\u201d de la construcci\u00f3n. Los bancos conced\u00edan cr\u00e9ditos hipotecarios f\u00e1ciles a mansalva a las familias, pero la crisis mand\u00f3 al paro a muchos ciudadanos sin poder hacer frente a sus deudas. Pr\u00e1cticamente en todos los sectores del mercado laboral, principalmente el industrial y servicios han aumentado la tasa de paro. <span>\u00a0<\/span>Muchas empresas han recortado dr\u00e1sticamente el personal mediante la aplicaci\u00f3n de expedientes de regulaci\u00f3n de empleo (ERE). M\u00e1s de 1 mill\u00f3n de familias tienen a todos sus miembros en el paro. Muchos ciudadanos tienen que hacer frente a sus gastos personales y familiares gracias al subsidio de desempleo o al programa temporal de protecci\u00f3n de desempleo y de inserci\u00f3n (PRODI). Esta \u00faltima medida fue aprobada por el Gobierno para proteger a los parados de larga duraci\u00f3n.<\/font><\/span><\/b><\/p>\n<p class=\"MsoNormal\"><b><span><font color=\"#000000\">\u00a0<\/font><\/span><\/b><\/p>\n<p class=\"MsoNormal\"><b><span><font color=\"#000000\">\u00a0<\/font><\/span><\/b><\/p>\n<p class=\"MsoNormal\"><b><span \/><\/b><b><span><font color=\"#000000\">Seg\u00fan el Centro de Investigaciones Sociol\u00f3gicas (C.I.S.), la principal preocupaci\u00f3n de los ciudadanos espa\u00f1oles en la actualidad es el paro, seguido de la econom\u00eda espa\u00f1ola, la clase pol\u00edtica y la corrupci\u00f3n. <\/font><\/span><\/b><\/p>\n<p class=\"MsoNormal\"><b><span><font color=\"#000000\">\u00a0<\/font><\/span><\/b><\/p>\n<p class=\"MsoNormal\"><b><span><font color=\"#000000\">\u00a0<\/font><\/span><\/b><\/p>\n<p class=\"MsoNormal\"><b><span><font color=\"#000000\">En tiempos de bonanza, durante la primera legislatura del Gobierno del Sr. Jos\u00e9 Luis Rodriguez Zapatero, Espa\u00f1a lleg\u00f3 a ser la octava econom\u00eda del mundo. Actualmente, se encuentra en el puesto duod\u00e9cimo en el mundo (la cuarta econom\u00eda de la Eurozona) en t\u00e9rminos de PIB (Producto Interior Bruto) nominal<span>\u00a0 <\/span>y las previsiones de cara el futuro no son nada halag\u00fce\u00f1as. El d\u00e9ficit p\u00fablico de Espa\u00f1a alcanza una tasa del 8, 51%. El I.P.C. (\u00cdndice de Precios al Consumo) ha subido, provocando una merma en la econom\u00eda domestica de las familias y una disminuci\u00f3n en la adquisici\u00f3n por parte de la sociedad espa\u00f1ola de bienes de consumo. Tambi\u00e9n influy\u00f3 en el descenso del consumo la subida del Euribor, es decir, del tipo de inter\u00e9s promedio de los pr\u00e9stamos hipotecarios.<span>\u00a0 <\/span>Por otro lado, seg\u00fan las previsiones del Fondo Monetario Internacional (F.M.I.) y el Banco Central Europeo (B.C.E.), Espa\u00f1a seguir\u00e1 en recesi\u00f3n durante este a\u00f1o\u00a02012. La Administraci\u00f3n Central y las Auton\u00f3micas est\u00e1n endeudadas. Las Agencias de Calificaci\u00f3n de Riesgos o Rating, como Standard &amp; Poors, Moodys o Fitch, todas ellas compa\u00f1\u00edas que valoran empresas, estados o gobiernos regionales y les otorgan una calificaci\u00f3n determinada en funci\u00f3n de su solvencia financiera,<span>\u00a0 <\/span>han rebajado severamente la nota a Espa\u00f1a. <\/font><\/span><\/b><\/p>\n<p class=\"MsoNormal\"><b><span><font color=\"#000000\" \/><\/span><\/b>\u00a0<\/p>\n<p class=\"MsoNormal\"><b><span><font color=\"#000000\">\u00a0<\/font><\/span><\/b><\/p>\n<p class=\"MsoNormal\"><font color=\"#000000\"><b><span>Seg\u00fan la Encuesta de Condiciones de Vida del Instituto Nacional de Estad\u00edstica (I.N.E.), poco m\u00e1s del 21%<span>\u00a0 <\/span>de la sociedad espa\u00f1ola vive por debajo del umbral de la pobreza, es decir, cobra menos de 627 euros al mes por persona para subsistir. El 36 % de los hogares espa\u00f1oles no tiene capacidad para afrontar gastos imprevistos. El <strong><span>26%<\/span><\/strong><\/span><\/b><span> <b>llega a fin de mes a <strong><span>duras penas<\/span><\/strong><\/b>. <b>El 6% tiene retrasos en los pagos del alquiler, el gas o la electricidad. <strong><span>Cuatro de cada 10 familias<\/span><\/strong><\/b><strong><span> <\/span><\/strong><b>no puede permitirse salir de <strong><span>vacaciones<\/span><\/strong> al menos una semana al a\u00f1o. Esta cifra es similar a la registrada en 2010 y 2009 y es <strong><span>5,3<\/span><\/strong><\/b><strong><span> <\/span><\/strong><b>puntos superior a 2008. Los sueldos son cada vez m\u00e1s bajos. <\/b><\/span><b><span>Los ingresos medios anuales netos de las familias espa\u00f1olas alcanzaron los <strong><span>24.890 eu<\/span><\/strong><\/span><\/b><strong><span>r<\/span><\/strong><b><span>os anuales en 2010, lo que supone una disminuci\u00f3n del <strong><span>4,4%<\/span><\/strong><\/span><\/b><strong><span> <\/span><\/strong><b><span>respecto al a\u00f1o anterior<\/span><\/b><b><span><font size=\"3\">. <\/font><\/span><\/b><\/font><\/p>\n<p class=\"MsoNormal\"><font color=\"#000000\"><b><span><font size=\"3\" \/><\/span><\/b><\/font>\u00a0<\/p>\n<p class=\"MsoNormal\"><b><span><font color=\"#000000\" size=\"3\">\u00a0<\/font><\/span><\/b><\/p>\n<p class=\"MsoNormal\"><b><span><font color=\"#000000\">El Salario M\u00ednimo Interprofesional en Espa\u00f1a est\u00e1 situado en 641,40 euros, bastante inferior a pa\u00edses como Reino Unido, Alemania, Francia, Luxemburgo, Noruega, Dinamarca o Suiza. La situaci\u00f3n econ\u00f3mica del Estado y de las familias es realmente preocupante. El Estado del Bienestar est\u00e1 seriamente da\u00f1ado. Ha crecido exponencialmente el n\u00famero de personas que viven de la indigencia y sin techo. Organizaciones humanitarias, como Cruz Roja o C\u00e1ritas Diocesana no dan a basto para atender a las necesidades de aquella gente<span>\u00a0 <\/span>vulnerable afectada por la crisis. <\/font><\/span><\/b><\/p>\n<p class=\"MsoNormal\"><b><span><font color=\"#000000\">\u00a0<\/font><\/span><\/b><\/p>\n<p class=\"MsoNormal\"><b><span><font color=\"#000000\">\u00a0<\/font><\/span><\/b><\/p>\n<p class=\"MsoNormal\"><b><span \/><\/b><b><u><span><font color=\"#000000\">El Estado del Bienestar en peligro<\/font><\/span><\/u><\/b><\/p>\n<p class=\"MsoNormal\"><b><u><span><span><font color=\"#000000\" \/><\/span><\/span><\/u><\/b><\/p>\n<p class=\"MsoNormal\"><font color=\"#000000\"><b><span \/><\/b><\/font>\u00a0<\/p>\n<p class=\"MsoNormal\"><font color=\"#000000\"><b><span \/><\/b><\/font>\u00a0<\/p>\n<p class=\"MsoNormal\"><font color=\"#000000\"><b><span>Fue a principios de la d\u00e9cada de 1980 cuando se impuls\u00f3 en Espa\u00f1a lo que hoy conocemos como Estado del Bienestar mediante <\/span><\/b><b><span>la creaci\u00f3n de una asistencia sanitaria p\u00fablica, gratuita, una educaci\u00f3n p\u00fablica, gratuita y obligatoria hasta los 16 a\u00f1os, un generoso sistema de becas para que cualquier persona pueda acceder una educaci\u00f3n complementaria sin ning\u00fan tipo de discriminaci\u00f3n, pensiones para los que se jubilan, subsidios de desempleo para los parados, etc. La pol\u00edtica del Estado del Bienestar se concretar\u00eda en 5 grandes objetivos: <\/span><\/b><\/font><\/p>\n<p class=\"MsoNormal\"><b><span><font color=\"#000000\">\u00a0<\/font><\/span><\/b><\/p>\n<p class=\"MsoNormal\"><font color=\"#000000\"><span><span>&#8211;<span>\u00a0\u00a0\u00a0\u00a0\u00a0\u00a0\u00a0\u00a0 <\/span><\/span><\/span><b><span>Pensiones<\/span><\/b><\/font><\/p>\n<p class=\"MsoNormal\"><font color=\"#000000\"><span><span>&#8211;<span>\u00a0\u00a0\u00a0\u00a0\u00a0\u00a0\u00a0\u00a0 <\/span><\/span><\/span><b><span>Educaci\u00f3n<\/span><\/b><\/font><\/p>\n<p class=\"MsoNormal\"><font color=\"#000000\"><span><span>&#8211;<span>\u00a0\u00a0\u00a0\u00a0\u00a0\u00a0\u00a0\u00a0 <\/span><\/span><\/span><b><span>Desempleo<\/span><\/b><\/font><\/p>\n<p class=\"MsoNormal\"><font color=\"#000000\"><span><span>&#8211;<span>\u00a0\u00a0\u00a0\u00a0\u00a0\u00a0\u00a0\u00a0 <\/span><\/span><\/span><b><span>Familia<\/span><\/b><\/font><\/p>\n<p class=\"MsoNormal\"><font color=\"#000000\"><span><span>&#8211;<span>\u00a0\u00a0\u00a0\u00a0\u00a0\u00a0\u00a0\u00a0 <\/span><\/span><\/span><b><span>Sanidad<\/span><\/b><\/font><\/p>\n<p class=\"MsoNormal\"><b><span><font color=\"#000000\">\u00a0<\/font><\/span><\/b><\/p>\n<p class=\"MsoNormal\"><b><span><font color=\"#000000\" \/><\/span><\/b>\u00a0<\/p>\n<p class=\"MsoNormal\"><font color=\"#000000\"><b><span>Actualmente, debido a la profunda crisis econ\u00f3mica y la exasperante tasa de paro que hay en nuestro pa\u00eds, el Estado Bienestar corre un serio peligro en casi todo los \u00e1mbitos. <\/span><\/b><b><span>Los tres grandes pilares b\u00e1sicos del Estado\u00a0del Bienestar en Espa\u00f1a son en mi opini\u00f3n: la Educaci\u00f3n, la Sanidad y la Justicia.<span>\u00a0 <\/span><\/span><\/b><\/font><\/p>\n<p class=\"MsoNormal\"><font color=\"#000000\"><b><span><span \/><\/span><\/b><\/font>\u00a0<\/p>\n<p class=\"MsoNormal\"><b><span><font color=\"#000000\">\u00a0<\/font><\/span><\/b><\/p>\n<p class=\"MsoNormal\"><b><span><font color=\"#000000\">En el primer caso, la calidad de la Educaci\u00f3n deja mucho que desear. Seg\u00fan el Informe PISA de la OCDE (Organizaci\u00f3n para la Cooperaci\u00f3n y el Desarrollo Econ\u00f3mico) del a\u00f1o<span>\u00a0 <\/span>2009, la Educaci\u00f3n Escolar en Espa\u00f1a est\u00e1 a la cola de la Uni\u00f3n Europea en comprensi\u00f3n lectora, en matem\u00e1ticas y ciencias.<span>\u00a0 <\/span>No suspende la Educaci\u00f3n Superior (universitaria) en Espa\u00f1a. Aunque el prestigio de las universidades espa\u00f1olas es bajo en comparaci\u00f3n con las universidades de otros pa\u00edses, como de EE.UU., Reino Unido, Canad\u00e1, Francia y Alemania. (Ninguna universidad espa\u00f1ola se encuentra entre las 100 universidades m\u00e1s prestigiosas e importantes del mundo). <\/font><\/span><\/b><\/p>\n<p class=\"MsoNormal\"><b><span><font color=\"#000000\" \/><\/span><\/b>\u00a0<\/p>\n<p class=\"MsoNormal\"><b><span><font color=\"#000000\">\u00a0<\/font><\/span><\/b><\/p>\n<p class=\"MsoNormal\"><b><span><font color=\"#000000\">En el segundo caso, la Sanidad, es de las mejores del mundo sin lugar a dudas. El sistema sanitario espa\u00f1ol goza de buena salud. La Sanidad es p\u00fablica, gratuita y universal. No obstante, el sistema sanitario espa\u00f1ol adolece de dos serios problemas: el colapso de los servicios de atenci\u00f3n primaria y el problema de las listas de espera. <\/font><\/span><\/b><\/p>\n<p class=\"MsoNormal\"><b><span><font color=\"#000000\" \/><\/span><\/b>\u00a0<\/p>\n<p class=\"MsoNormal\"><b><span><font color=\"#000000\">\u00a0<\/font><\/span><\/b><\/p>\n<p class=\"MsoNormal\"><b><span><font color=\"#000000\">Por \u00faltimo, la Justicia, tambi\u00e9n deja mucho que desear. Es lenta, blanda y en muchos casos ineficiente. El sistema judicial espa\u00f1ol est\u00e1 completamente colapsado, debido al exceso de burocratizaci\u00f3n y a que legisladores y gobiernos le atribuyen funciones regulatorias.<\/font><\/span><\/b><\/p>\n<p class=\"MsoNormal\"><b><span><font color=\"#000000\">\u00a0<\/font><\/span><\/b><\/p>\n<p class=\"MsoNormal\"><b><span><font color=\"#000000\" \/><\/span><\/b>\u00a0<\/p>\n<p class=\"MsoNormal\"><strong><span><font color=\"#000000\">\u00a0<\/font><\/span><u><span><font color=\"#000000\">Breve balance de la presidencia del Sr. Jos\u00e9 Luis Rodriguez Zapatero en el Gobierno de Espa\u00f1a<\/font><\/span><\/u><\/strong><\/p>\n<p class=\"MsoNormal\"><span><font color=\"#000000\"><strong>\u00a0<\/strong><\/font><\/span><\/p>\n<p class=\"MsoNormal\"><b><span><font color=\"#000000\">\u00a0<\/font><\/span><\/b><\/p>\n<p class=\"MsoNormal\"><b><span><font color=\"#000000\">Durante la primera legislatura del gobierno del PSOE presidido por el Sr. Jos\u00e9 Lu\u00eds Rodr\u00edguez Zapatero se han tomado medidas progresistas basadas principalmente en la pol\u00edtica social (Ley de dependencia, Renta B\u00e1sica de Emancipaci\u00f3n, cheque-beb\u00e9, PRODI, l\u00edneas de cr\u00e9dito ICO para emprendedores y estudiantes universitarios de postgrado, etc.). Algunas medidas causaron un enfrentamiento abierto entre Gobierno-Oposici\u00f3n (incluso entre Iglesia-Estado), como lo fue la legalizaci\u00f3n de los matrimonios homosexuales, el derecho al aborto a partir de los 16 a\u00f1os sin el permiso o consentimiento paterno, la implantaci\u00f3n en el \u00e1mbito educativo de la materia \u201cEducaci\u00f3n para la ciudadan\u00eda y los Derechos Humanos\u201d, la ley de Memoria de Hist\u00f3rica, la implantaci\u00f3n en el sistema universitario espa\u00f1ol del Plan Bolonia, la ley de Libertad Religiosa, la ley de muerte digna, el derecho a la clonaci\u00f3n de embriones humanos para fines terap\u00e9uticos, etc.<span>\u00a0 <\/span><\/font><\/span><\/b><\/p>\n<p class=\"MsoNormal\"><b><span><font color=\"#000000\">\u00a0<\/font><\/span><\/b><\/p>\n<p class=\"MsoNormal\"><b><span><font color=\"#000000\">\u00a0<\/font><\/span><\/b><\/p>\n<p class=\"MsoNormal\"><b><span><font color=\"#000000\">Pero, \u00bfcu\u00e1les fueron las causas reales de la actual crisis econ\u00f3mica y social de Espa\u00f1a? Se debe principalmente a tres causas. Una de ellas es la crisis ocasionada por las hipotecas basura en EE.UU. que afect\u00f3 a Europa. La segunda raz\u00f3n se debe <span>\u00a0<\/span>al pinchazo de la burbuja inmobiliaria en nuestro pa\u00eds. Y en tercer lugar,<span>\u00a0 <\/span>por la pol\u00edtica de dispendio econ\u00f3mico del Sr. Jos\u00e9 Luis Rodr\u00edguez Zapatero en su primera legislatura. <span>\u00a0<\/span><\/font><\/span><\/b><\/p>\n<p class=\"MsoNormal\"><b><span><font color=\"#000000\">\u00a0<\/font><\/span><\/b><\/p>\n<p class=\"MsoNormal\"><b><span><font color=\"#000000\">\u00a0<\/font><\/span><\/b><\/p>\n<p class=\"MsoNormal\"><b><span \/><\/b><b><span><font color=\"#000000\">La crisis en EE.UU. originada por las hipotecas basura (crisis hipotecaria subprime) y la quiebra de grandes e importantes bancos, como Lehman Brothers, afect\u00f3 notablemente a la estabilidad financiera y econ\u00f3mica del resto del mundo, principalmente a Europa. A partir de ah\u00ed surgi\u00f3 el G-20, las principales potencias econ\u00f3micas del mundo que se reunieron con el fin de solventar la crisis y refundar el capitalismo. Entre las primeras medidas que se tomaron en muchos pa\u00edses fue inyectar capital a las entidades financieras para corregir la crisis, facilitar el cr\u00e9dito y estabilizar los mercados burs\u00e1tiles. Espa\u00f1a sali\u00f3 muy mal parada de ello, sobre todo en la segunda legislatura del PSOE en el Gobierno de Espa\u00f1a. El Sr. Zapatero neg\u00f3 que Espa\u00f1a estaba en crisis, a pesar de que la oposici\u00f3n le advert\u00eda a bombo y platillo de lo que estaba a suceder. Finalmente, el Sr. Zapatero reconoci\u00f3 que Espa\u00f1a estaba en crisis y fue cuando se impulsaron fuertes recortes sociales: rebaja del 5 % del sueldo de los funcionarios p\u00fablicos, abaratamiento del despido, eliminaci\u00f3n del cheque-bebe, subida del IVA, congelaci\u00f3n de las pensiones, prolongaci\u00f3n de la edad legal de jubilaci\u00f3n,<span>\u00a0 <\/span>etc. El gobierno intent\u00f3 con parches solucionar el problema de la econom\u00eda y del paro en Espa\u00f1a. Se hizo una reforma laboral sin el acuerdo de la patronal y sindicatos.<span>\u00a0 <\/span>La sociedad se crisp\u00f3 ante estos recortes sin precedentes en la democracia. Esto ha originado movimientos anti-sistema, como el 15-M (Movimiento de los Indignados), los cuales estaban en contra del modelo pol\u00edtico, econ\u00f3mico, social y laboral de Espa\u00f1a. Las medidas impopulares del Sr. Rodr\u00edguez Zapatero hicieron que le costara una Huelga General. Espa\u00f1a perd\u00eda protagonismo en Europa y en el mundo, incluso se lleg\u00f3 a comparar su precaria situaci\u00f3n econ\u00f3mica con la de Grecia. Muchos pensaron en un eventual rescate por parte de Europa para salir de esta situaci\u00f3n.<span>\u00a0 <\/span>El primer ministro franc\u00e9s Nicol\u00e1s Sarkozy y la canciller alemana \u00c1ngela Merkel ejercieron el liderazgo en Europa, cogiendo el tim\u00f3n para salvar el euro y superar la crisis abierta en algunos pa\u00edses (Grecia, Portugal, Espa\u00f1a, Irlanda, etc.) de la Eurozona. Sin embargo, a pesar de que el Sr. Rodr\u00edguez Zapatero sigui\u00f3 las directrices y emprendi\u00f3 las reformas estructurales propuestas por el eje franco-alem\u00e1n, los objetivos programados no fructificaron. El paro segu\u00eda aumentando, el tejido econ\u00f3mico y empresarial se estaba deteriorando cada vez m\u00e1s, la incertidumbre y la crispaci\u00f3n aumentaba en nuestra sociedad\u2026 Esta lamentable situaci\u00f3n socio-econ\u00f3mica y laboral,<span>\u00a0 <\/span>propici\u00f3 el desgaste del Sr. Jos\u00e9 Lu\u00eds Rodr\u00edguez Zapatero, <span>que finalmente tomar\u00eda la dr\u00e1stica decisi\u00f3n de adelantar las Elecciones Generales al 20 de noviembre de 2011.<\/span> El Sr. Zapatero no se presentar\u00eda como candidato a la presidencia del Gobierno, delegando esta dif\u00edcil papeleta al Sr. Alfredo P\u00e9rez Rubalcaba. El resultado es conocido por todo el mundo. El Partido Popular gana las Elecciones Generales con una arrolladora mayor\u00eda absoluta, tal y como lo anticipaban las encuestas. La nefasta gesti\u00f3n de la crisis, la falta de confianza y credibilidad, el desgaste pol\u00edtico, la crisis interna dentro del propio partido socialista, la incertidumbre y la crispaci\u00f3n de la sociedad espa\u00f1ola le sali\u00f3 caro en las urnas al gobierno socialista dirigido por el Sr. Jos\u00e9 Luis Rodr\u00edguez Zapatero. <\/font><\/span><\/b><\/p>\n<p class=\"MsoNormal\"><b><span><font color=\"#000000\">\u00a0<\/font><\/span><\/b><\/p>\n<p class=\"MsoNormal\"><b><span><font color=\"#000000\" \/><\/span><\/b>\u00a0<\/p>\n<p class=\"MsoNormal\"><b><span><font color=\"#000000\">Entra en el Gobierno de la Naci\u00f3n el Sr. Mariano Rajoy, sabedor de la enorme responsabilidad de tener que levantar a un pa\u00eds hundido en una profunda crisis. Empieza as\u00ed una nueva era pol\u00edtica en Espa\u00f1a comandada en el Gobierno de la Naci\u00f3n por el Partido Popular con la enorme obligaci\u00f3n y responsabilidad pol\u00edtica de sacar al pa\u00eds de esta insoportable crisis. <\/font><\/span><\/b><\/p>\n<p class=\"MsoNormal\"><b><span><font color=\"#000000\">\u00a0<\/font><\/span><\/b><\/p>\n<p class=\"MsoNormal\"><b><span><font color=\"#000000\">\u00a0<\/font><\/span><\/b><\/p>\n<p class=\"MsoNormal\"><b><span><font color=\"#000000\"><font size=\"4\">SEGUIDORES FLAG COUNTER DEL BLOG<\/font><\/font><\/span><\/b><\/p>\n<p class=\"MsoNormal\">\u00a0<\/p>\n<p class=\"MsoNormal\">\u00a0<\/p>\n<p class=\"MsoNormal\">\u00a0<a href=\"http:\/\/s06.flagcounter.com\/more\/fIw\"><img loading=\"lazy\" decoding=\"async\" title=\"Free counters!\" height=\"199\" alt=\"Free counters!\" src=\"\" width=\"462\" border=\"0\" \/><\/a><\/p>\n<p class=\"MsoNormal\">\u00a0<\/p>\n<p align=\"justify\">\u00a0<font color=\"#000000\"><font face=\"Palatino Linotype\"><font size=\"4\"><b>Nota: Por\u00a0 problemas t\u00e9cnicos ajenos a mi voluntad el contador de visitas no\u00a0puede ser visualizado en la barra lateral derecha de este blog. <\/b><\/font><\/font><\/font><\/p>\n<p class=\"MsoNormal\"><b><span><font color=\"#000000\" \/><\/span><\/b>\u00a0<\/p>\n<p class=\"MsoNormal\"><b><span><font color=\"#000000\" \/><\/span><\/b>\u00a0<\/p>\n<p class=\"MsoNormal\"><b><span><font color=\"#000000\" \/><\/span><\/b>\u00a0<\/p>\n<p class=\"MsoNormal\"><b><span><font color=\"#000000\">\u00a0<\/font><\/span><\/b><\/p>\n<p class=\"MsoNormal\"><b><span><font color=\"#000000\">FUENTES CONSULTADAS<\/font><\/span><\/b><\/p>\n<p class=\"MsoNormal\"><b><span><font color=\"#000000\">\u00a0<\/font><\/span><\/b><\/p>\n<p class=\"MsoNormal\"><b><span><font color=\"#000000\">Fotograf\u00eda de arriba a la izquierda<\/font><\/span><\/b><\/p>\n<p class=\"MsoNormal\"><b><span><font color=\"#000000\">(Bolsa de Madrid)<\/font><\/span><\/b><\/p>\n<p class=\"MsoNormal\"><b><span><font color=\"#000000\">Fuente:<a href=\"http:\/\/www.elmundo.es\/mundodinero\/2010\/05\/07\/economia\/1273243685.html\"><font color=\"navy\">http:\/\/www.elmundo.es\/mundodinero\/2010\/05\/07\/economia\/1273243685.html<\/font><\/a><\/font><\/span><\/b><\/p>\n<p class=\"MsoNormal\"><b><span><font color=\"#000000\" \/><\/span><\/b>\u00a0<\/p>\n<p class=\"MsoNormal\"><b><span><font color=\"#000000\" \/><\/span><\/b>\u00a0<\/p>\n<p class=\"MsoNormal\"><b><span><font color=\"#000000\">\u00a0<\/font><\/span><\/b><\/p>\n<p class=\"MsoNormal\"><b><span><font color=\"#000000\">Fotograf\u00eda de arriba a la derecha<\/font><\/span><\/b><\/p>\n<p class=\"MsoNormal\"><b><span><font color=\"#000000\">(Movimiento del 15-M\u00a0congregado en\u00a0la Puerta del Sol de Madrid)<\/font><\/span><\/b><\/p>\n<p class=\"MsoNormal\"><b><span><font color=\"#000000\">Fuente:<a href=\"http:\/\/www.cadenaser.com\/sociedad\/fotos\/movimiento-15-m\/csrcsrpor\/20111229csrcsrsoc_4\/Ies\"><font color=\"navy\">http:\/\/www.cadenaser.com\/sociedad\/fotos\/movimiento-15-m\/csrcsrpor\/20111229csrcsrsoc_4\/Ies<\/font><\/a><\/font><\/span><\/b><\/p>\n<p class=\"MsoNormal\"><b><span><font color=\"#000000\">\u00a0<\/font><\/span><\/b><\/p>\n<p class=\"MsoNormal\"><b><span><font color=\"#000000\">\u00a0<\/font><\/span><\/b><\/p>\n<p \/>\n","protected":false},"excerpt":{"rendered":"<p>\u00a0EL ESTADO DE LA NACI\u00d3N \u00a0 \u00a0 \u00a0\u00a0\u00a0 \u00a0 La actual situaci\u00f3n socio-econ\u00f3mica de Espa\u00f1a&#8230;<\/p>\n","protected":false},"author":5,"featured_media":0,"comment_status":"open","ping_status":"open","sticky":false,"template":"","format":"standard","meta":{"footnotes":""},"categories":[1],"tags":[],"class_list":["post-1211","post","type-post","status-publish","format-standard","hentry","category-uncategorized"],"_links":{"self":[{"href":"https:\/\/www.jesusfragacid.com\/index.php?rest_route=\/wp\/v2\/posts\/1211","targetHints":{"allow":["GET"]}}],"collection":[{"href":"https:\/\/www.jesusfragacid.com\/index.php?rest_route=\/wp\/v2\/posts"}],"about":[{"href":"https:\/\/www.jesusfragacid.com\/index.php?rest_route=\/wp\/v2\/types\/post"}],"author":[{"embeddable":true,"href":"https:\/\/www.jesusfragacid.com\/index.php?rest_route=\/wp\/v2\/users\/5"}],"replies":[{"embeddable":true,"href":"https:\/\/www.jesusfragacid.com\/index.php?rest_route=%2Fwp%2Fv2%2Fcomments&post=1211"}],"version-history":[{"count":0,"href":"https:\/\/www.jesusfragacid.com\/index.php?rest_route=\/wp\/v2\/posts\/1211\/revisions"}],"wp:attachment":[{"href":"https:\/\/www.jesusfragacid.com\/index.php?rest_route=%2Fwp%2Fv2%2Fmedia&parent=1211"}],"wp:term":[{"taxonomy":"category","embeddable":true,"href":"https:\/\/www.jesusfragacid.com\/index.php?rest_route=%2Fwp%2Fv2%2Fcategories&post=1211"},{"taxonomy":"post_tag","embeddable":true,"href":"https:\/\/www.jesusfragacid.com\/index.php?rest_route=%2Fwp%2Fv2%2Ftags&post=1211"}],"curies":[{"name":"wp","href":"https:\/\/api.w.org\/{rel}","templated":true}]}}