{"id":1370,"date":"2011-04-10T00:00:00","date_gmt":"2011-04-10T00:00:00","guid":{"rendered":"http:\/\/www.jesusfragacid.com\/?p=1370"},"modified":"2011-04-10T00:00:00","modified_gmt":"2011-04-10T00:00:00","slug":"interview-4","status":"publish","type":"post","link":"https:\/\/www.jesusfragacid.com\/?p=1370","title":{"rendered":"INTERVIEW"},"content":{"rendered":"<p style=\"margin: 0px\"><font color=\"black\" \/><\/p>\n<p>\u00a0\u00a0\u00a0\u00a0\u00a0\u00a0\u00a0\u00a0\u00a0\u00a0\u00a0\u00a0\u00a0\u00a0\u00a0\u00a0\u00a0\u00a0\u00a0\u00a0 <img loading=\"lazy\" decoding=\"async\" style=\"padding-bottom: 8px;padding-right: 8px;padding-top: 8px\" id=\"il_fi\" src=\"http:\/\/www.jesusfragacid.com\/wp-content\/uploads\/2018\/03\/breaking-news-26.jpg\" height=\"106\" width=\"268\" \/><strong><font color=\"black\"><font size=\"4\"><font face=\"Palatino Linotype, serif\"><\/p>\n<p><\/font><\/font><\/font><\/strong><\/p>\n<p style=\"margin: 0px\" align=\"left\"><font face=\"Palatino Linotype, serif\"><font color=\"black\" size=\"4\"><strong>LA CONCIENCIA SOBREVIVE A LA MUERTE F\u00cdSICA<\/p>\n<p><\/strong><\/font><\/font><\/p>\n<p><font face=\"Palatino Linotype, serif\"><font color=\"black\" size=\"4\"><strong>\u00a0<img loading=\"lazy\" decoding=\"async\" style=\"padding-bottom: 8px;padding-right: 8px;padding-top: 8px\" id=\"il_fi\" src=\"http:\/\/www.jesusfragacid.com\/wp-content\/uploads\/2018\/03\/pin-vam-lommel-2.jpg\" height=\"259\" width=\"194\" \/>\u00a0 \u00a0<img loading=\"lazy\" decoding=\"async\" style=\"padding-bottom: 8px;padding-right: 8px;padding-top: 8px\" id=\"il_fi\" src=\"\" height=\"204\" width=\"243\" \/><\/strong><\/font><\/font><\/p>\n<p style=\"margin: 0px\"><font face=\"Palatino Linotype, serif\"><font color=\"black\" size=\"4\"><strong \/><\/font><\/font>\u00a0<\/p>\n<p style=\"margin: 0px\"><font color=\"black\"><strong><font face=\"Palatino Linotype, serif\"><font size=\"4\"><i>\u201cLa medicina oficial considera que la conciencia es un producto del cerebro y por lo tanto desaparece cuando desaparecen las funciones cerebrales. \u00a1Pero la realidad y mi experiencia lo desmienten! Estos enfermos con sus EDM (experiencias despu\u00e9s de la muerte) demuestran que hay conciencia despu\u00e9s de la muerte y la ten\u00edan cuando ya estaban cl\u00ednicamente muertos y sus funciones cerebrales eran inexistentes.(\u2026) Y me intriga ver c\u00f3mo las experiencias despu\u00e9s de la muerte cambian la vida de mis pacientes. \u00bfSabe que el 70 por ciento de los regresados se divorciaron poco despu\u00e9s?\u201d<br \/><\/i><\/font><\/font><br \/><\/strong><\/font><font face=\"Palatino Linotype, serif\"><font color=\"black\" size=\"4\"><b>Pim Van Lommel <\/b><\/font><\/font><\/p>\n<p style=\"margin: 0px\"><font face=\"Palatino Linotype, serif\"><font color=\"black\" size=\"4\"><b>Doctor en medicina y cardiolog\u00eda<\/b><\/font><\/font><font face=\"Palatino Linotype, serif\"><font size=\"4\"><br \/><\/font><\/font><\/p>\n<p style=\"margin-bottom: 0cm\" align=\"left\"><font face=\"Palatino Linotype, serif\"><font size=\"4\"><br \/><font color=\"black\">Este art\u00edculo no es para teorizar sobre la existencia de vida despu\u00e9s de la muerte cl\u00ednica. Ni es para lanzar una defensa encendida de la evidencia del esp\u00edritu m\u00e1s all\u00e1 de la materia, ni para compartir con vosotros\/as mi opini\u00f3n sobre lo absurdo que llega a ser tener miedo a la muerte cuando conoces que es solamente un paso m\u00e1s de la vida.<\/p>\n<p>No. Este art\u00edculo es para celebrar <\/font><\/font><\/font><font face=\"Palatino Linotype, serif\"><font color=\"black\" size=\"4\"><b>LA EVIDENCIA CIENT\u00cdFICA de que la consciencia contin\u00faa despu\u00e9s de la muerte cl\u00ednica.<\/b><\/font><\/font><font face=\"Palatino Linotype, serif\"><font size=\"4\"><\/p>\n<p><font color=\"black\">El doctor Lommel logr\u00f3 publicar un art\u00edculo en la revista m\u00e1s prestigiosa de medicina, <\/font><\/font><\/font><font face=\"Palatino Linotype, serif\"><font color=\"black\" size=\"4\"><i>The Lancet<\/i><\/font><\/font><font color=\"black\"><font face=\"Palatino Linotype, serif\"><font size=\"4\">, portavoz de la ciencia \u201coficial\u201d, con un estudio cuanto menos revelador. En \u00e9l, desmontaba las t\u00edpicas teor\u00edas oficiales sobre las experiencias cercanas a la muerte y presentaba con protocolos cient\u00edficos irreprochables m\u00faltiples ejemplos de personas que hab\u00edan estado muerta y cuya consciencia hab\u00eda seguido funcionando.<\/p>\n<p>Van Lommel no se conform\u00f3 con su primer estudio, realizado en 1988: posteriormente puso a prueba sus conclusiones en una segunda oportunidad, con auditores independientes y medidas cient\u00edficas a\u00fan m\u00e1s estrictas. Los resultados fueron exactamente los mismos.<\/p>\n<p>Las conclusiones del doctor Pim Van Lommel reflejan que nuestro cuerpo f\u00edsico no ser\u00eda m\u00e1s que un recept\u00e1culo de la conciencia: procesos como la memoria tambi\u00e9n residir\u00edan \u201cfuera\u201d de la materia, abandonando \u00e9sta en el momento del \u00f3bito.<\/p>\n<p>Ya no es tiempo de seguir con dudas que corresponden a otra etapa de la humanidad. En el momento evolutivo en que estamos nos corresponde tomar decisiones y actuar de acuerdo a nuevos paradigmas diferentes a los que han existido hasta ahora oficialmente.<\/p>\n<p>Hay que tener valor y seguir avanzando.<\/p>\n<p>Os dejo con las palabras de Van Lommel en esta genial entrevista realizada en La Contra del diario <\/font><\/font><font face=\"Palatino Linotype, serif\"><font size=\"4\"><b>La Vanguardia<\/b><\/font><\/font><\/font><font color=\"black\"><font face=\"Palatino Linotype, serif\"><font size=\"4\"> el 20 de Febrero de 2002.<br \/><\/font><\/font><br \/><\/font><\/p>\n<p style=\"margin-bottom: 0cm\" align=\"left\"><font color=\"black\"><br \/><\/font><\/p>\n<p style=\"margin: 0px\" align=\"left\"><font face=\"Palatino Linotype, serif\"><font color=\"black\" size=\"4\"><b>Entrevista a Pin Vam Lommel<\/b><\/font><\/font><\/p>\n<p style=\"margin: 0px\" align=\"left\"><strong><font color=\"#000000\" face=\"Palatino Linotype\" size=\"4\" \/><\/strong>\u00a0<\/p>\n<p style=\"margin: 0px\" align=\"left\"><font face=\"Palatino Linotype, serif\"><font size=\"4\"><font color=\"black\">Ten\u00eda 42 a\u00f1os y sufri\u00f3 un infarto en el autob\u00fas. Lleg\u00f3 a mi hospital en coma, ya azul, sin pulso ni respiraci\u00f3n. Lo intubamos. La enfermera tuvo que quitarle la pr\u00f3tesis dental para conectarle el tubo\u2026<\/p>\n<p><\/font><\/font><\/font><font face=\"Palatino Linotype, serif\"><font color=\"black\" size=\"4\"><b>\u00bfY muri\u00f3?<\/b><\/font><\/font><\/p>\n<p style=\"margin: 0px\" align=\"left\"><strong><font color=\"#000000\" face=\"Palatino Linotype\" size=\"4\" \/><\/strong>\u00a0<\/p>\n<p style=\"margin: 0px\" align=\"left\"><font face=\"Palatino Linotype, serif\"><font size=\"4\"><font color=\"black\">Cl\u00ednicamente estaba muerto. Pero al cabo de hora y media su coraz\u00f3n volvi\u00f3 a latir d\u00e9bilmente. Despu\u00e9s de una semana abri\u00f3 los ojos y la primera persona que vio fue aquella enfermera que le hab\u00eda intubado cuando \u00e9l estaba en coma\u2026<\/p>\n<p><\/font><\/font><\/font><font face=\"Palatino Linotype, serif\"><font color=\"black\" size=\"4\"><b>\u00bfY\u2026?<\/b><\/font><\/font><\/p>\n<p style=\"margin: 0px\" align=\"left\"><strong><font color=\"#000000\" face=\"Palatino Linotype\" size=\"4\" \/><\/strong>\u00a0<\/p>\n<p style=\"margin: 0px\" align=\"left\"><font face=\"Palatino Linotype, serif\"><font size=\"4\"><font color=\"black\">Fue la enfermera la que casi sufre un ataque entonces, porque el paciente que ella hab\u00eda visto muerto la salud\u00f3 y le dio las gracias por haberle intubado con mimo. Y le pregunt\u00f3 d\u00f3nde hab\u00eda puesto su pr\u00f3tesis dental\u2026<br \/><\/font><\/font><\/font><\/p>\n<p><font face=\"Palatino Linotype, serif\"><font size=\"4\"><font color=\"black\" \/><\/font><\/font><\/p>\n<p style=\"margin: 0px\" align=\"left\"><font face=\"Palatino Linotype, serif\"><font size=\"4\"><font color=\"black\"><br \/><\/font><\/font><\/font><font face=\"Palatino Linotype, serif\"><font color=\"black\" size=\"4\"><b>No es la primera vez que se explican estas experiencias: t\u00faneles, luces, cosas as\u00ed\u2026<\/b><\/font><\/font><\/p>\n<p style=\"margin: 0px\" align=\"left\"><strong><font color=\"#000000\" face=\"Palatino Linotype\" size=\"4\" \/><\/strong>\u00a0<\/p>\n<p style=\"margin: 0px\" align=\"left\"><font face=\"Palatino Linotype, serif\"><font size=\"4\"><font color=\"black\">Es la primera vez que la prestigiosa revista de ciencias <\/font><\/font><\/font><font face=\"Palatino Linotype, serif\"><font color=\"black\" size=\"4\"><i>The Lancet <\/i><\/font><\/font><font color=\"black\"><font face=\"Palatino Linotype, serif\"><font size=\"4\">publica un estudio como el m\u00edo, que desaf\u00eda nuestro concepto de conciencia.<\/p>\n<p><\/font><\/font><font face=\"Palatino Linotype, serif\"><font size=\"4\"><b>Cu\u00e9nteme<\/b><\/font><\/font><font face=\"Palatino Linotype, serif\"><font size=\"4\">.<\/font><\/font><\/font><\/p>\n<p style=\"margin: 0px\" align=\"left\"><font color=\"#000000\" face=\"Palatino Linotype\" size=\"4\" \/>\u00a0<\/p>\n<p style=\"margin: 0px\" align=\"left\"><font face=\"Palatino Linotype, serif\"><font size=\"4\"><font color=\"black\">Es el primer estudio prospectivo, no retrospectivo; es decir, no explicamos experiencias despu\u00e9s de la muerte (EDM), ya suficientemente documentadas, sino que apuntamos las causas que las producen.<\/font><\/font><\/font><\/p>\n<p><font face=\"Palatino Linotype, serif\"><font size=\"4\"><font color=\"black\" \/><\/font><\/font><\/p>\n<p style=\"margin: 0px\" align=\"left\"><font face=\"Palatino Linotype, serif\"><font size=\"4\"><font color=\"black\"><br \/><\/font><\/font><\/font><font face=\"Palatino Linotype, serif\"><font color=\"black\" size=\"4\"><b>Pues explique, explique.<\/b><\/font><\/font><\/p>\n<p style=\"margin: 0px\" align=\"left\"><strong><font color=\"#000000\" face=\"Palatino Linotype\" size=\"4\" \/><\/strong>\u00a0<\/p>\n<p style=\"margin: 0px\" align=\"left\"><font face=\"Palatino Linotype, serif\"><font size=\"4\"><font color=\"black\">Estudiamos 344 casos de pacientes que hab\u00edan sufrido un ataque card\u00edaco y estaban cl\u00ednicamente muertos. S\u00f3lo 62 de ellos (el 18 por ciento) hab\u00eda experimentado una EDM (experiencia despu\u00e9s de la muerte).<\/p>\n<p><\/font><\/font><\/font><font color=\"black\"><font face=\"Palatino Linotype, serif\"><font size=\"4\"><b>No son muchos<\/b><\/font><\/font><font face=\"Palatino Linotype, serif\"><font size=\"4\">.<\/font><\/font><\/font><\/p>\n<p style=\"margin: 0px\" align=\"left\"><font color=\"#000000\" face=\"Palatino Linotype\" size=\"4\" \/>\u00a0<\/p>\n<p style=\"margin: 0px\" align=\"left\"><font face=\"Palatino Linotype, serif\"><font size=\"4\"><font color=\"black\">Precisamente por eso, no aceptamos la explicaci\u00f3n meramente fisiol\u00f3gica de esas EDM. Como sabe, hay tres explicaciones m\u00e9dicas hoy aceptadas para justificar las EDM.<\/p>\n<p><\/font><\/font><\/font><font color=\"black\"><font face=\"Palatino Linotype, serif\"><font size=\"4\"><b>No lo sab\u00eda, pero me estoy enterando<\/b><\/font><\/font><font face=\"Palatino Linotype, serif\"><font size=\"4\">.<\/font><\/font><\/font><\/p>\n<p style=\"margin: 0px\" align=\"left\"><font color=\"#000000\" face=\"Palatino Linotype\" size=\"4\" \/>\u00a0<\/p>\n<p style=\"margin: 0px\" align=\"left\"><font face=\"Palatino Linotype, serif\"><font size=\"4\"><font color=\"black\">Pues s\u00ed. La primera es fisiol\u00f3gica: la anoxia (falta de ox\u00edgeno) en el cerebro dar\u00eda lugar a alucinaciones, luces blancas y dem\u00e1s.<\/p>\n<p><\/font><\/font><\/font><font face=\"Palatino Linotype, serif\"><font color=\"black\" size=\"4\"><b>Resplandor blanco al final del t\u00fanel\u2026<\/b><\/font><\/font><\/p>\n<p style=\"margin: 0px\" align=\"left\"><strong><font color=\"#000000\" face=\"Palatino Linotype\" size=\"4\" \/><\/strong>\u00a0<\/p>\n<p style=\"margin: 0px\" align=\"left\"><font face=\"Palatino Linotype, serif\"><font size=\"4\"><font color=\"black\">S\u00ed. Luego hay otra teor\u00eda, la psicol\u00f3gica, que sostiene que esas EDM son fruto del miedo a la muerte. Y luego una tercera teor\u00eda afirma que las EDM son consecuencia de la mezcla de anoxia y el miedo a la muerte.<\/p>\n<p><\/font><\/font><\/font><font face=\"Palatino Linotype, serif\"><font color=\"black\" size=\"4\"><b>\u00bfY usted qu\u00e9 cree?<\/b><\/font><\/font><\/p>\n<p style=\"margin: 0px\" align=\"left\"><strong><font color=\"#000000\" face=\"Palatino Linotype\" size=\"4\" \/><\/strong>\u00a0<\/p>\n<p style=\"margin: 0px\" align=\"left\"><font face=\"Palatino Linotype, serif\"><font size=\"4\"><font color=\"black\">Yo he demostrado que no puede ser la anoxia, pues todos los pacientes la padecen y, por tanto, todos tendr\u00edan tambi\u00e9n que experimentar una EDM. En cambio, s\u00f3lo el 18 por ciento tiene una EDM. Tampoco acepto la teor\u00eda psicol\u00f3gica, porque los 344 pacientes que entrevist\u00e9 no tienen conciencia de haber sufrido ese miedo a la muerte.<\/p>\n<p><\/font><\/font><\/font><font face=\"Palatino Linotype, serif\"><font color=\"black\" size=\"4\"><b>\u00bfY son sinceros siempre?<\/b><\/font><\/font><\/p>\n<p style=\"margin: 0px\" align=\"left\"><strong><font color=\"#000000\" face=\"Palatino Linotype\" size=\"4\" \/><\/strong>\u00a0<\/p>\n<p style=\"margin: 0px\" align=\"left\"><font face=\"Palatino Linotype, serif\"><font size=\"4\"><font color=\"black\">Sus recuerdos son precisos, claros y muchas veces comprobables, como el de la pr\u00f3tesis que le explicaba antes. Vamos, hombre: no cuestione mi estudio. \u00bfPor qu\u00e9 no cuestiona conmigo nuestra idea de conciencia?<\/p>\n<p><\/font><\/font><\/font><font face=\"Palatino Linotype, serif\"><font color=\"black\" size=\"4\"><b>Estoy dispuesto.<\/b><\/font><\/font><\/p>\n<p style=\"margin: 0px\" align=\"left\"><strong><font color=\"#000000\" face=\"Palatino Linotype\" size=\"4\" \/><\/strong>\u00a0<\/p>\n<p style=\"margin: 0px\" align=\"left\"><font face=\"Palatino Linotype, serif\"><font size=\"4\"><font color=\"black\">Muchos m\u00e9dicos, cuando oyen estas historias de sus pacientes, prefieren atribuirlas a alucinaciones, al trauma, a lo que sea, porque esas experiencias cuestionan su concepto de conciencia y de muerte.<\/p>\n<p><\/font><\/font><\/font><font face=\"Palatino Linotype, serif\"><font color=\"black\" size=\"4\"><b>\u00bfY usted?<\/b><\/font><\/font><\/p>\n<p style=\"margin: 0px\" align=\"left\"><strong><font color=\"#000000\" face=\"Palatino Linotype\" size=\"4\" \/><\/strong>\u00a0<\/p>\n<p style=\"margin: 0px\" align=\"left\"><font face=\"Palatino Linotype, serif\"><font size=\"4\"><font color=\"black\">Yo ya no puedo aceptarlo tras mis 31 a\u00f1os de cardi\u00f3logo y haber visto morir a cientos de pacientes y \u201cresucitar\u201d a decenas de ellos. La medicina oficial considera que la conciencia es un producto del cerebro y por lo tanto desaparece cuando desaparecen las funciones cerebrales.<\/p>\n<p><\/font><\/font><\/font><font face=\"Palatino Linotype, serif\"><font color=\"black\" size=\"4\"><b>Eso tiene su l\u00f3gica\u2026<\/b><\/font><\/font><\/p>\n<p style=\"margin: 0px\" align=\"left\"><strong><font color=\"#000000\" face=\"Palatino Linotype\" size=\"4\" \/><\/strong>\u00a0<\/p>\n<p style=\"margin: 0px\" align=\"left\"><font face=\"Palatino Linotype, serif\"><font size=\"4\"><font color=\"black\">\u00a1Pero la realidad y mi experiencia lo desmienten! Estos enfermos con sus EDM demuestran que hay conciencia despu\u00e9s de la muerte y la ten\u00edan cuando ya estaban cl\u00ednicamente muertos y sus funciones cerebrales eran inexistentes. Su percepci\u00f3n estaba encima de su cuerpo y fuera de \u00e9l. \u00a1Y tuvieron experiencias ultrasensoriales comprobadas!<\/p>\n<p><\/font><\/font><\/font><font face=\"Palatino Linotype, serif\"><font color=\"black\" size=\"4\"><b>\u00bfY usted qu\u00e9 piensa?<\/b><\/font><\/font><\/p>\n<p style=\"margin: 0px\" align=\"left\"><strong><font color=\"#000000\" face=\"Palatino Linotype\" size=\"4\" \/><\/strong>\u00a0<\/p>\n<p style=\"margin: 0px\" align=\"left\"><font face=\"Palatino Linotype, serif\"><font size=\"4\"><font color=\"black\">Me interesa el concepto de conciencia como retransmisor de ondas, una especie de televisi\u00f3n que repite ondas que llegan de otro sitio. As\u00ed que, aunque el cerebro deje de funcionar, la conciencia sigue retransmitiendo.<\/p>\n<p>\u00a1<\/font><\/font><\/font><font face=\"Palatino Linotype, serif\"><font color=\"black\" size=\"4\"><b>Interesante!<\/b><\/font><\/font><\/p>\n<p style=\"margin: 0px\" align=\"left\"><strong><font color=\"#000000\" face=\"Palatino Linotype\" size=\"4\" \/><\/strong>\u00a0<\/p>\n<p style=\"margin: 0px\" align=\"left\"><font face=\"Palatino Linotype, serif\"><font size=\"4\"><font color=\"black\">Y me intriga ver c\u00f3mo las experiencias despu\u00e9s de la muerte cambian la vida de mis pacientes. \u00bfSabe que el 70 por ciento de los regresados se divorciaron poco despu\u00e9s?<\/p>\n<p><\/font><\/font><\/font><font face=\"Palatino Linotype, serif\"><font color=\"black\" size=\"4\"><b>\u00bfPor qu\u00e9?<\/b><\/font><\/font><\/p>\n<p style=\"margin: 0px\" align=\"left\"><strong><font color=\"#000000\" face=\"Palatino Linotype\" size=\"4\" \/><\/strong>\u00a0<\/p>\n<p style=\"margin: 0px\" align=\"left\"><font face=\"Palatino Linotype, serif\"><font size=\"4\"><font color=\"black\">Porque eran otras personas y su nueva personalidad no casaba con su antigua pareja. Cuando regresan de la muerte, los pacientes con una EDM ya son otras personas.<\/p>\n<p><\/font><\/font><\/font><font face=\"Palatino Linotype, serif\"><font color=\"black\" size=\"4\"><b>\u00bfPor qu\u00e9?<\/b><\/font><\/font><\/p>\n<p style=\"margin: 0px\" align=\"left\"><strong><font color=\"#000000\" face=\"Palatino Linotype\" size=\"4\" \/><\/strong>\u00a0<\/p>\n<p style=\"margin: 0px\" align=\"left\"><font face=\"Palatino Linotype, serif\"><font size=\"4\"><font color=\"black\">Han perdido el miedo a la muerte, pues han estado all\u00ed y saben que no pasa nada, que de alg\u00fan modo siguen estando en alguna parte. Y eso les cambia su manera de vivir.<\/p>\n<p><\/font><\/font><\/font><font color=\"black\"><font face=\"Palatino Linotype, serif\"><font size=\"4\"><b>Pero no son ellos ya<\/b><\/font><\/font><font face=\"Palatino Linotype, serif\"><font size=\"4\">\u2026<\/font><\/font><\/font><\/p>\n<p style=\"margin: 0px\" align=\"left\"><font color=\"#000000\" face=\"Palatino Linotype\" size=\"4\" \/>\u00a0<\/p>\n<p style=\"margin: 0px\" align=\"left\"><font face=\"Palatino Linotype, serif\"><font size=\"4\"><font color=\"black\">\u00a1Por ah\u00ed va usted bien! Ahora siga pensando conmigo\u2026<\/p>\n<p><\/font><\/font><\/font><font face=\"Palatino Linotype, serif\"><font color=\"black\" size=\"4\"><b>Lo intentar\u00e9.<\/b><\/font><\/font><\/p>\n<p style=\"margin: 0px\" align=\"left\"><strong><font color=\"#000000\" face=\"Palatino Linotype\" size=\"4\" \/><\/strong>\u00a0<\/p>\n<p style=\"margin: 0px\" align=\"left\"><font face=\"Palatino Linotype, serif\"><font size=\"4\"><font color=\"black\">\u00bfC\u00f3mo es posible que cambiemos nuestro cuerpo hasta la \u00faltima c\u00e9lula unas 50 veces en 80 a\u00f1os -si es que llegamos a vivirlos- y sigamos siendo nosotros?<\/p>\n<p><\/font><\/font><\/font><font face=\"Palatino Linotype, serif\"><font color=\"black\" size=\"4\"><b>\u00bfSomos nosotros?<\/b><\/font><\/font><\/p>\n<p style=\"margin: 0px\" align=\"left\"><strong><font color=\"#000000\" face=\"Palatino Linotype\" size=\"4\" \/><\/strong>\u00a0<\/p>\n<p style=\"margin: 0px\" align=\"left\"><font face=\"Palatino Linotype, serif\"><font size=\"4\"><font color=\"black\">Siga haci\u00e9ndose preguntas. \u00bfEst\u00e1 la conciencia ligada a nuestro yo o puede ir m\u00e1s all\u00e1? Est\u00e1 claro que puede ir m\u00e1s all\u00e1 de la muerte. Lo hemos demostrado.<\/p>\n<p><\/font><\/font><\/font><font face=\"Palatino Linotype, serif\"><font color=\"black\" size=\"4\"><b>Pero los que vuelven no son ellos\u2026<\/b><\/font><\/font><\/p>\n<p style=\"margin: 0px\" align=\"left\"><strong><font color=\"#000000\" face=\"Palatino Linotype\" size=\"4\" \/><\/strong>\u00a0<\/p>\n<p style=\"margin: 0px\" align=\"left\"><font face=\"Palatino Linotype, serif\"><font size=\"4\"><font color=\"black\">Siga pensando.<br \/><\/font><\/font><\/font><br \/><font face=\"Palatino Linotype, serif\"><font color=\"black\" size=\"4\"><b>Doctor, no s\u00e9 si yo quiero ir m\u00e1s all\u00e1.<\/b><\/font><\/font><\/p>\n<p style=\"margin: 0px\" align=\"left\"><strong><font color=\"#000000\" face=\"Palatino Linotype\" size=\"4\" \/><\/strong>\u00a0<\/p>\n<p style=\"margin: 0px\" align=\"left\"><font face=\"Palatino Linotype, serif\"><font size=\"4\"><font color=\"black\">Ese es el problema de muchos humanos y, no crea, tambi\u00e9n de muchos m\u00e9dicos.<\/p>\n<p><\/font><\/font><\/font><font face=\"Palatino Linotype, serif\"><font color=\"black\" size=\"4\"><b>\u00bfY usted?<\/b><\/font><\/font><\/p>\n<p style=\"margin: 0px\" align=\"left\"><strong><font color=\"#000000\" face=\"Palatino Linotype\" size=\"4\" \/><\/strong>\u00a0<\/p>\n<p style=\"margin: 0px\" align=\"left\"><font face=\"Palatino Linotype, serif\"><font size=\"4\"><font color=\"black\">A m\u00ed, trabajar en este estudio me ha cambiado la vida porque, si no temes la muerte, cambias tu vida.<\/font><\/font><\/font><\/p>\n<p style=\"margin: 0px\" align=\"left\">\u00a0<\/p>\n<p style=\"margin-bottom: 0cm\" align=\"left\"><font face=\"Palatino Linotype, serif\"><font color=\"black\" size=\"4\"><b>FUENTES CONSULTADAS<\/b><\/font><\/font><\/p>\n<p style=\"margin-bottom: 0cm\" align=\"left\"><font color=\"black\"><br \/><\/font><\/p>\n<p style=\"margin: 0px\" align=\"left\"><font color=\"black\"><font face=\"Palatino Linotype, serif\"><font size=\"4\">Entrevista a doctor Pim Van Lommel (Texto extra\u00eddo)<br \/>Fuente: <\/font><\/font><span lang=\"zxx\"><u><a href=\"http:\/\/www.elblogalternativo.com\/2009\/12\/03\/hay-vida-despues-de-la-muerte-fisica-y-aqui-estan-las-pruebas-entrevista-al-doctor-van-lommel\/\"><font face=\"Palatino Linotype, serif\"><font color=\"navy\" size=\"4\">http:\/\/www.elblogalternativo.com\/2009\/12\/03\/hay-vida-despues-de-la-muerte-fisica-y-aqui-estan-las-pruebas-entrevista-al-doctor-van-lommel\/<\/font><\/font><\/a><\/u><\/span><\/font><font face=\"Palatino Linotype, serif\"><font color=\"navy\" size=\"4\"> <\/font><\/font><\/p>\n<p style=\"margin: 0px\" align=\"left\"><font color=\"#000080\" face=\"Palatino Linotype\" size=\"4\" \/>\u00a0<\/p>\n<p><font color=\"black\"><\/p>\n<p style=\"margin: 0px\" align=\"left\"><font color=\"black\"><span lang=\"zxx\"><font face=\"Palatino Linotype\" size=\"4\">Fuente:<\/font><u> <a href=\"http:\/\/www.nderf.org\/Spanish\/lancet_vanlommel.htm\"><font color=\"navy\" face=\"Palatino Linotype\" size=\"4\">http:\/\/www.nderf.org\/Spanish\/lancet_vanlommel.htm<\/font><\/a><\/u><\/span><\/font><\/p>\n<p><\/font><\/p>\n<p style=\"margin: 0px\" align=\"left\"><font color=\"black\"><font face=\"Palatino Linotype, serif\"><font size=\"4\" \/><\/font><\/font>\u00a0<\/p>\n<p style=\"margin: 0px\" align=\"left\"><font color=\"black\"><font face=\"Palatino Linotype, serif\"><font size=\"4\">Fuente: <a href=\"http:\/\/www.nderf.org\/Spanish\/vonlommel_skeptic_response.htm\"><font color=\"navy\">http:\/\/www.nderf.org\/Spanish\/vonlommel_skeptic_response.htm<\/font><\/a><\/font><\/font><\/font><\/p>\n<p style=\"margin: 0px\" align=\"left\"><font color=\"black\"><font face=\"Palatino Linotype, serif\"><font size=\"4\" \/><\/font><\/font>\u00a0<\/p>\n<p style=\"margin: 0px\" align=\"left\"><font color=\"black\"><font face=\"Palatino Linotype, serif\"><font size=\"4\">Fuente: <\/font><\/font><span lang=\"zxx\"><u><a href=\"http:\/\/concienciaprofunda.blogspot.com\/2010_04_01_archive.html\"><font face=\"Palatino Linotype, serif\"><font color=\"navy\" size=\"4\">http:\/\/concienciaprofunda.blogspot.com\/2010_04_01_archive.html<\/font><\/font><\/a><\/u><\/span><\/font><\/p>\n<p style=\"margin-bottom: 0cm\" align=\"left\"><font color=\"black\"><font face=\"Palatino Linotype, serif\"><font size=\"4\">Fuente: <\/font><\/font><span lang=\"zxx\"><u><a href=\"http:\/\/www.mariano-bueno.com\/2011\/03\/07\/la-vida-continua-life-goes-on\/\"><font face=\"Palatino Linotype, serif\"><font color=\"navy\" size=\"4\">http:\/\/www.mariano-bueno.com\/2011\/03\/07\/la-vida-continua-life-goes-on\/<\/font><\/font><\/a><\/u><\/span><\/font><\/p>\n<p style=\"margin: 0px\" align=\"left\"><font color=\"black\"><span lang=\"zxx\"><u \/><\/span><\/font>\u00a0<\/p>\n<p style=\"margin: 0px\" align=\"left\"><font color=\"navy\" face=\"Palatino Linotype\" size=\"4\"><span lang=\"zxx\"><u \/><\/span><\/font>\u00a0<\/p>\n<p style=\"margin: 0px\" align=\"left\"><font color=\"black\" face=\"Palatino Linotype\" size=\"4\">Foto de inicio izquierda:<\/font><\/p>\n<p style=\"margin: 0px\" align=\"left\"><font color=\"black\" face=\"Palatino Linotype\" size=\"4\"><span lang=\"zxx\">Fuente:<u> <\/u><a href=\"http:\/\/www.elblogalternativo.com\/2009\/12\/03\/hay-vida-despues-de-la-muerte-fisica-y-aqui-estan-las-pruebas-entrevista-al-doctor-van-lommel\/\"><font face=\"Palatino Linotype, serif\"><font color=\"navy\" size=\"4\">http:\/\/www.elblogalternativo.com\/2009\/12\/03\/hay-vida-despues-de-la-muerte-fisica-y-aqui-estan-las-pruebas-entrevista-al-doctor-van-lommel\/<\/font><\/font><\/a><\/span><font face=\"Palatino Linotype, serif\"><font color=\"navy\" size=\"4\"> <\/font><\/font><br \/><\/font><font color=\"black\" \/><\/p>\n<p style=\"margin: 0px\" align=\"left\"><font color=\"black\"><font face=\"Palatino Linotype\" size=\"4\" \/><\/font>\u00a0<\/p>\n<p style=\"margin: 0px\" align=\"left\"><font color=\"black\"><font face=\"Palatino Linotype\" size=\"4\">Foto de inicio derecha:<\/font><\/font><\/p>\n<p style=\"margin: 0px\" align=\"left\"><font color=\"navy\" face=\"Palatino Linotype\" size=\"4\"><font color=\"black\">Fuente<\/font>: <a href=\"http:\/\/zeteticismo.blogspot.com\/2009\/09\/experiencias-cercanas-la-muerte.html\"><font color=\"navy\">http:\/\/<\/font><font color=\"navy\">zeteticismo.blogspot.com\/2009\/09\/experiencias-cercanas-la-muerte.html<\/font><\/a><\/font><\/p>\n<p><font color=\"navy\" \/><font face=\"Palatino Linotype\" size=\"4\" \/><\/p>\n<p style=\"margin: 0px\" align=\"left\"><font face=\"Palatino Linotype\" size=\"4\"><br \/>\u00a0<\/font><\/p>\n<p style=\"margin: 0px\" align=\"left\"><font face=\"Palatino Linotype, serif\"><font color=\"black\" size=\"4\"><b>ENLACES EXTERNOS<\/b><\/font><\/font><\/p>\n<p style=\"margin-bottom: 0cm\" align=\"justify\"><font color=\"black\"><br \/><\/font><\/p>\n<p style=\"margin-bottom: 0cm\" align=\"justify\"><font color=\"black\"><strong>\u201c<\/strong><font face=\"Palatino Linotype, serif\"><font size=\"4\"><strong>El alma existe\u201d.<\/strong> Estudio cient\u00edfico del neuropsiquiatra Peter Fenwick y el cardi\u00f3logo y doctor en biolog\u00eda celular Sam Parnia sobre experiencias cercanas a la muerte en pacientes con paro card\u00edaco.<\/font><\/font><\/font><\/p>\n<p style=\"margin-bottom: 0cm\" align=\"justify\"><font color=\"black\"><font face=\"Palatino Linotype, serif\"><font size=\"4\">(Publicaci\u00f3n: <\/font><\/font><font face=\"Palatino Linotype, serif\"><font size=\"4\"><i><strong>Resuscitation<\/strong><\/i><\/font><\/font><font face=\"Palatino Linotype, serif\"><font size=\"4\"><strong>, 2001<\/strong>)<\/font><\/font><\/font><\/p>\n<p style=\"margin-bottom: 0cm\" align=\"justify\"><font color=\"black\"><font face=\"Palatino Linotype, serif\"><font size=\"4\">Enlace: <\/font><\/font><span lang=\"zxx\"><u><font face=\"Palatino Linotype, serif\"><font size=\"4\"><a href=\"http:\/\/www.karine-tci.com\/Noticias.html\"><font color=\"navy\">http:\/\/www.karine-tci.com\/Noticias.html<\/font><\/a> <\/font><\/font><\/u><\/span><\/font><\/p>\n<p style=\"margin-bottom: 0cm\" align=\"justify\"><font color=\"black\"><br \/><\/font><\/p>\n<p style=\"margin-bottom: 0cm\" align=\"justify\"><span lang=\"zxx\"><font face=\"Palatino Linotype, serif\"><font color=\"black\" size=\"4\"><span style=\"text-decoration: none\"><strong>\u00abLa conciencia sobre a la muerte f\u00edsica\u00bb<\/strong>. Estudio cient\u00edfico del doctor en medicina y cardiolog\u00eda Pim Van Lomel<\/span><\/font><\/font><\/span><\/p>\n<p style=\"margin-bottom: 0cm\" align=\"justify\"><font color=\"black\"><span lang=\"zxx\"><font face=\"Palatino Linotype, serif\"><font size=\"4\"><span style=\"text-decoration: none\">(Publicaci\u00f3n: <\/span><\/font><\/font><\/span><span lang=\"zxx\"><font face=\"Palatino Linotype, serif\"><font size=\"4\"><i><span style=\"text-decoration: none\"><strong>The Lancet<\/strong><\/span><\/i><\/font><\/font><\/span><span lang=\"zxx\"><font face=\"Palatino Linotype, serif\"><font size=\"4\"><span style=\"text-decoration: none\"><strong>, 2001<\/strong>) <\/span><\/font><\/font><\/span><\/font><\/p>\n<p style=\"margin-bottom: 0cm\" align=\"justify\"><font color=\"black\"><span lang=\"zxx\"><font face=\"Palatino Linotype, serif\"><font size=\"4\"><span style=\"text-decoration: none\">Enlace:<\/span><\/font><\/font><\/span><span lang=\"zxx\"><u><a href=\"http:\/\/www.youtube.com\/watch?v=w2cPckLZ6F8\"><font face=\"Palatino Linotype, serif\"><font color=\"navy\" size=\"4\">http:\/\/www.youtube.com\/watch?v=w2cPckLZ6F8<\/font><\/font><\/a><\/u><\/span><\/font><\/p>\n<p style=\"margin-bottom: 0cm;text-decoration: none\" align=\"justify\"><font color=\"black\"><br \/><\/font><\/p>\n<p style=\"margin-bottom: 0cm\" align=\"justify\"><span lang=\"zxx\"><font face=\"Palatino Linotype, serif\"><font color=\"black\" size=\"4\"><span style=\"font-style: normal\"><span style=\"text-decoration: none\">El m\u00e1s all\u00e1 existe <\/span><\/span><\/font><\/font><\/span><\/p>\n<p style=\"margin-bottom: 0cm\" align=\"justify\"><font color=\"black\"><span lang=\"zxx\"><font face=\"Palatino Linotype, serif\"><font size=\"4\"><span style=\"font-style: normal\"><span style=\"text-decoration: none\">Enlace:<\/span><\/span><\/font><\/font><\/span><span lang=\"zxx\"><u><a href=\"http:\/\/www.diariodealcala.es\/articulo_c\/universidad-de-alcala\/1868\/iquest-estuve-muerto\"><font face=\"Palatino Linotype, serif\"><font color=\"navy\" size=\"4\"><span style=\"font-style: normal\">http:\/\/www.diariodealcala.es\/articulo_c\/universidad-de-alcala\/1868\/iquest-estuve-muerto<\/span><\/font><\/font><\/a><\/u><\/span><\/font><\/p>\n<p style=\"margin-bottom: 0cm\" align=\"justify\"><font color=\"navy\"><br \/><\/font><\/p>\n<p style=\"margin-bottom: 0cm\" align=\"justify\"><font color=\"black\"><br \/><\/font><\/p>\n<p style=\"margin-bottom: 0cm\" align=\"justify\"><font color=\"black\"><br \/><\/font><\/p>\n<p style=\"margin-bottom: 0cm\" align=\"justify\"><font color=\"black\"><br \/><\/font><\/p>\n","protected":false},"excerpt":{"rendered":"<p>\u00a0\u00a0\u00a0\u00a0\u00a0\u00a0\u00a0\u00a0\u00a0\u00a0\u00a0\u00a0\u00a0\u00a0\u00a0\u00a0\u00a0\u00a0\u00a0\u00a0 LA CONCIENCIA SOBREVIVE A LA MUERTE F\u00cdSICA \u00a0\u00a0 \u00a0 \u00a0 \u201cLa medicina oficial considera&#8230;<\/p>\n","protected":false},"author":5,"featured_media":0,"comment_status":"open","ping_status":"open","sticky":false,"template":"","format":"standard","meta":{"footnotes":""},"categories":[1],"tags":[],"class_list":["post-1370","post","type-post","status-publish","format-standard","hentry","category-uncategorized"],"_links":{"self":[{"href":"https:\/\/www.jesusfragacid.com\/index.php?rest_route=\/wp\/v2\/posts\/1370","targetHints":{"allow":["GET"]}}],"collection":[{"href":"https:\/\/www.jesusfragacid.com\/index.php?rest_route=\/wp\/v2\/posts"}],"about":[{"href":"https:\/\/www.jesusfragacid.com\/index.php?rest_route=\/wp\/v2\/types\/post"}],"author":[{"embeddable":true,"href":"https:\/\/www.jesusfragacid.com\/index.php?rest_route=\/wp\/v2\/users\/5"}],"replies":[{"embeddable":true,"href":"https:\/\/www.jesusfragacid.com\/index.php?rest_route=%2Fwp%2Fv2%2Fcomments&post=1370"}],"version-history":[{"count":0,"href":"https:\/\/www.jesusfragacid.com\/index.php?rest_route=\/wp\/v2\/posts\/1370\/revisions"}],"wp:attachment":[{"href":"https:\/\/www.jesusfragacid.com\/index.php?rest_route=%2Fwp%2Fv2%2Fmedia&parent=1370"}],"wp:term":[{"taxonomy":"category","embeddable":true,"href":"https:\/\/www.jesusfragacid.com\/index.php?rest_route=%2Fwp%2Fv2%2Fcategories&post=1370"},{"taxonomy":"post_tag","embeddable":true,"href":"https:\/\/www.jesusfragacid.com\/index.php?rest_route=%2Fwp%2Fv2%2Ftags&post=1370"}],"curies":[{"name":"wp","href":"https:\/\/api.w.org\/{rel}","templated":true}]}}