{"id":1680,"date":"2018-05-25T11:38:59","date_gmt":"2018-05-25T11:38:59","guid":{"rendered":"http:\/\/www.jesusfragacid.com\/?p=1680"},"modified":"2018-05-25T11:38:59","modified_gmt":"2018-05-25T11:38:59","slug":"neurobiology","status":"publish","type":"post","link":"https:\/\/www.jesusfragacid.com\/?p=1680","title":{"rendered":"NEUROBIOLOGY"},"content":{"rendered":"<h2 align=\"center\"><img loading=\"lazy\" decoding=\"async\" class=\"wp-image-1681 aligncenter\" src=\"http:\/\/www.jesusfragacid.com\/wp-content\/uploads\/2018\/05\/47_Breaking-News_1516427181529.jpg_32153548_ver1.0_640_360-300x169.jpg\" alt=\"\" width=\"461\" height=\"260\" srcset=\"https:\/\/www.jesusfragacid.com\/wp-content\/uploads\/2018\/05\/47_Breaking-News_1516427181529.jpg_32153548_ver1.0_640_360-300x169.jpg 300w, https:\/\/www.jesusfragacid.com\/wp-content\/uploads\/2018\/05\/47_Breaking-News_1516427181529.jpg_32153548_ver1.0_640_360.jpg 640w\" sizes=\"auto, (max-width: 461px) 100vw, 461px\" \/><\/h2>\n<h2 align=\"center\"><\/h2>\n<h2 class=\"western\" align=\"center\"><span style=\"font-family: Palatino Linotype, serif;\"><span style=\"font-size: large;\"><b><span style=\"color: #000000;\">CIENT\u00cdFICOS DE LA UNIVERSIDAD DE HARVARD HALLAN UN \u00c1REA NEUROANAT\u00d3MICA DEL CEREBRO PRECURSORA DE LA CONSCIENCIA HUMANA<\/span><\/b><\/span><\/span><\/h2>\n<p align=\"justify\"><span style=\"font-family: Palatino Linotype, serif;\"><span style=\"font-size: large;\"><i><span style=\"color: #000000;\">Un equipo de investigadores ha descubierto el espacio f\u00edsico de la conciencia. Otro estudio considera que la informaci\u00f3n sobre el ser humano puede seguir viva de alguna forma modo una vez que muere el cuerpo.<\/span><\/i><\/span><\/span><\/p>\n<p align=\"justify\">\n<p align=\"justify\"><img loading=\"lazy\" decoding=\"async\" class=\"wp-image-1682 alignright\" src=\"http:\/\/www.jesusfragacid.com\/wp-content\/uploads\/2018\/05\/cerebro-y-emociones-300x169.jpg\" alt=\"\" width=\"410\" height=\"231\" srcset=\"https:\/\/www.jesusfragacid.com\/wp-content\/uploads\/2018\/05\/cerebro-y-emociones-300x169.jpg 300w, https:\/\/www.jesusfragacid.com\/wp-content\/uploads\/2018\/05\/cerebro-y-emociones-768x432.jpg 768w, https:\/\/www.jesusfragacid.com\/wp-content\/uploads\/2018\/05\/cerebro-y-emociones-1024x576.jpg 1024w, https:\/\/www.jesusfragacid.com\/wp-content\/uploads\/2018\/05\/cerebro-y-emociones.jpg 1600w\" sizes=\"auto, (max-width: 410px) 100vw, 410px\" \/><\/p>\n<p align=\"justify\"><strong><span style=\"color: #000000;\"><span style=\"font-family: Palatino Linotype, serif;\"><span style=\"font-size: medium;\">Hace siglos que cient\u00edficos y fil\u00f3sofos tratan de comprender la consciencia humana.<\/span><\/span><\/span><\/strong><span style=\"color: #000000;\"><span style=\"font-family: Palatino Linotype, serif;\"><span style=\"font-size: medium;\">\u00a0En neurolog\u00eda cl\u00e1sica, la consciencia es considerada como un estado compuesto de dos elementos esenciales: el despertar y la sensibilidad.<\/span><\/span><\/span><\/p>\n<p align=\"justify\"><span style=\"color: #000000;\"><span style=\"font-family: Palatino Linotype, serif;\"><span style=\"font-size: medium;\">Ahora, por primera vez, un equipo de investigadores del Beth Israel Deaconess Medical Center (BIDMC-New York) ha identificado lo que constituye una condici\u00f3n necesaria para la consciencia: un v\u00ednculo entre la regi\u00f3n del tronco cerebral implicado en el sue\u00f1o, por un lado, y las regiones implicadas en la sensibilizaci\u00f3n, por otro lado, dos condiciones necesarias para que pueda emerger la consciencia.<\/span><\/span><\/span><\/p>\n<blockquote><p><span style=\"color: #000000;\"><span style=\"font-family: Palatino Linotype, serif;\"><span style=\"font-size: x-large;\"><i>Seg\u00fan publica la revista Neurology, el estado de vigilia est\u00e1 regulado por el tronco cerebral, la parte del sistema nervioso central que une al cerebro con la m\u00e9dula espinal, responsable del ciclo vigilia\/sue\u00f1o y de los ritmos cardiaco y respiratorio.\u00a0<\/i><\/span><\/span><\/span><\/p><\/blockquote>\n<p align=\"justify\"><span style=\"color: #000000;\"><span style=\"font-family: Palatino Linotype, serif;\"><span style=\"font-size: medium;\">Para su investigaci\u00f3n, los investigadores analizaron a 36 pacientes de hospital que hab\u00edan tenido lesiones del tronco cerebral. Doce de entre ellos estaban en coma (y por ello inconscientes) y 24 estaban conscientes.<\/span><\/span><\/span><\/p>\n<p align=\"justify\"><span style=\"color: #000000;\"><span style=\"font-family: Palatino Linotype, serif;\"><span style=\"font-size: medium;\">A continuaci\u00f3n analizaron el tronco cerebral y descubrieron que la zona conocida como el tegmento pontino dorsolateral rostral estaba asociada al coma. Constataron que 10 de los 12 pacientes inconscientes en estado de coma ten\u00edan lesiones en esta parte del tronco cerebral, frente a 1 s\u00f3lo de los 24 pacientes conscientes.<\/span><\/span><\/span><\/p>\n<p align=\"justify\"><span style=\"color: #000000;\"><span style=\"font-family: Palatino Linotype, serif;\"><span style=\"font-size: medium;\">A trav\u00e9s de un\u00a0<a href=\"http:\/\/www.sciencealert.com\/harvard-scientists-think-they-ve-pinpointed-the-neural-source-of-consciousness\" target=\"_blank\" rel=\"noopener\">comunicado<\/a>\u00a0difundido por la Universidad de Harvard, el experto Michael Fox expresa su satisfacci\u00f3n por\u00a0<\/span><\/span><\/span><em><span style=\"color: #000000;\"><span style=\"font-family: Palatino Linotype, serif;\"><span style=\"font-size: medium;\">haber descubierto que esta peque\u00f1a zona \u00fanica es esencial para la conciencia. \u201cCuando est\u00e1 da\u00f1ada, casi todos los pacientes caen en coma<\/span><\/span><\/span><\/em><span style=\"color: #000000;\"><span style=\"font-family: Palatino Linotype, serif;\"><span style=\"font-size: medium;\">\u201d<\/span><\/span><\/span><\/p>\n<p align=\"justify\"><span style=\"color: #000000;\"><span style=\"font-family: Palatino Linotype, serif;\"><span style=\"font-size: medium;\">Relegar la inconsciencia al estado de coma es, sin embargo, \u00a0arriesgado. \u00bfC\u00f3mo encajar los millones de testimonios que manifiestan consciencia en las Experiencias Fuera del Cuerpo (EFC), en viajes astrales o <a href=\"http:\/\/www.xn--revistaaocero-pkb.com\/secciones\/enigmas-anomalias\/sabe-ciencia-experiencias-cercanas-muerte\" target=\"_blank\" rel=\"noopener\">Experiencias Cercanas a la muerte<\/a>?<\/span><\/span><\/span><\/p>\n<p align=\"justify\"><span style=\"color: #000000;\"><span style=\"font-family: Palatino Linotype, serif;\"><span style=\"font-size: medium;\">Las conclusiones del Beth Israel Deaconess Medical Center contrastan con las investigaciones de respetados cient\u00edficos de la mec\u00e1nica cu\u00e1ntica que aseguran que la conciencia puede sobrevivir a la desaparicienci\u00f3n del cuerpo.<\/span><\/span><\/span><\/p>\n<p align=\"justify\"><img loading=\"lazy\" decoding=\"async\" class=\"size-medium wp-image-1683 alignleft\" src=\"http:\/\/www.jesusfragacid.com\/wp-content\/uploads\/2018\/05\/a-human-brain-with-lightning-bolts-300x300.jpg\" alt=\"\" width=\"300\" height=\"300\" srcset=\"https:\/\/www.jesusfragacid.com\/wp-content\/uploads\/2018\/05\/a-human-brain-with-lightning-bolts-300x300.jpg 300w, https:\/\/www.jesusfragacid.com\/wp-content\/uploads\/2018\/05\/a-human-brain-with-lightning-bolts-150x150.jpg 150w, https:\/\/www.jesusfragacid.com\/wp-content\/uploads\/2018\/05\/a-human-brain-with-lightning-bolts.jpg 350w\" sizes=\"auto, (max-width: 300px) 100vw, 300px\" \/><\/p>\n<p align=\"justify\"><span style=\"color: #000000;\"><span style=\"font-family: Palatino Linotype, serif;\"><span style=\"font-size: medium;\">La posibilidad de la vida despu\u00e9s de la muerte es uno de los m\u00e1s grandes misterios de la humanidad, pero ahora los expertos afirman que la conciencia no muere, s\u00f3lo muere el cuerpo. Es m\u00e1s, Stuart Hameroff de la Universidad de Arizona, cree que la consciencia no es m\u00e1s que la informaci\u00f3n almacenada en un nivel cu\u00e1ntico.<\/span><\/span><\/span><\/p>\n<p align=\"justify\"><span style=\"color: #000000;\"><span style=\"font-family: Palatino Linotype, serif;\"><span style=\"font-size: medium;\">Junto al f\u00edsico brit\u00e1nico Sir Roger Penrose ha investigado esa posibilidad y creen haber encontrado pruebas de que en los microt\u00fabulos basados en prote\u00ednas -un componente estructural de las c\u00e9lulas humanas- llevan esta informaci\u00f3n cu\u00e1ntica, una informaci\u00f3n almacenada a nivel sub-at\u00f3mico.<\/span><\/span><\/span><\/p>\n<p align=\"justify\"><span style=\"color: #000000;\"><span style=\"font-family: Palatino Linotype, serif;\"><span style=\"font-size: medium;\">El equipo del f\u00edsico brit\u00e1nico\u00a0<a href=\"http:\/\/www.xn--revistaaocero-pkb.com\/secciones\/mundo-futuro-nueva-conciencia\/cientificos-demuestran-alma-no-muere-sino-vuelve-al-universo\" target=\"_blank\" rel=\"noopener\">Roger Penrose ha encontrado pruebas de que los microt\u00fabulos de las prote\u00ednas<\/a><\/span><\/span><\/span><a href=\"http:\/\/www.xn--revistaaocero-pkb.com\/secciones\/mundo-futuro-nueva-conciencia\/cientificos-demuestran-alma-no-muere-sino-vuelve-al-universo\" target=\"_blank\" rel=\"noopener\"><strong><span style=\"color: #000000;\"><span style=\"font-family: Palatino Linotype, serif;\"><span style=\"font-size: medium;\">\u00a0<\/span><\/span><\/span><\/strong><span style=\"color: #000000;\"><span style=\"font-family: Palatino Linotype, serif;\"><span style=\"font-size: medium;\">contienen informaci\u00f3n cu\u00e1ntica sobre el ser humano<\/span><\/span><\/span><\/a><span style=\"color: #000000;\"><span style=\"font-family: Palatino Linotype, serif;\"><span style=\"font-size: medium;\">, que algunos denominan &#8216;alma&#8217; y podr\u00eda perdurar tras la muerte del cuerpo,\u00a0<a href=\"http:\/\/www.express.co.uk\/news\/science\/728897\/LIFE-AFTER-DEATH-consciousness-continue-SOUL\" target=\"_blank\" rel=\"noopener\">informa<\/a>\u00a0&#8216;The Daily Express&#8217;.<\/span><\/span><\/span><\/p>\n<blockquote><p><span style=\"color: #000000;\"><span style=\"font-family: Palatino Linotype, serif;\"><span style=\"font-size: x-large;\"><i>Penrose explica que una prueba de esta teor\u00eda es que, cuando alguien muere, esos conductos\u00a0liberan su informaci\u00f3n subat\u00f3mica al universo pero, si el proceso es temporal y logra regresar a la vida, regresa a cuerpo: esa ser\u00eda la vivencia de las personas que tienen experiencias cercanas a la muerte.<\/i><\/span><\/span><\/span><\/p><\/blockquote>\n<p align=\"justify\"><span style=\"color: #000000;\"><span style=\"font-family: Palatino Linotype, serif;\"><span style=\"font-size: medium;\">Los investigadores del Instituto Max Planck de F\u00edsica (M\u00fanich, Baviera, Alemania) est\u00e1n de acuerdo y establecen que el universo f\u00edsico en que vivimos se basa en nuestra percepci\u00f3n pero, una vez que nuestra parte f\u00edsica muere,\u00a0existe un infinito m\u00e1s all\u00e1.<\/span><\/span><\/span><\/p>\n<p align=\"justify\"><span style=\"color: #000000;\"><span style=\"font-family: Palatino Linotype, serif;\"><span style=\"font-size: medium;\">Quien fuera m\u00e1ximo responsable de esa instituci\u00f3n, Hans-Peter Durr, subraya que \u00ablo que consideramos como &#8216;aqu\u00ed y ahora&#8217;, este mundo, solo es la parte material de lo que nos resulta comprensible\u00bb, mientras que \u00abel m\u00e1s all\u00e1 es una realidad infinita mucho mayor\u00bb.<\/span><\/span><\/span><\/p>\n<blockquote><p><span style=\"color: #000000;\"><span style=\"font-family: Palatino Linotype, serif;\"><span style=\"font-size: x-large;\"><i>En este sentido, Durr detalla que \u00abnuestras vidas ya est\u00e1n rodeadas\u00bb de ese otro mundo en el que,\u00a0\u00abcuando el cuerpo muere, el campo espiritual cu\u00e1ntico permanece\u00bb, un fen\u00f3meno que se podr\u00eda considerar \u00abinmortalidad\u00bb.<\/i><\/span><\/span><\/span><\/p><\/blockquote>\n<p align=\"justify\"><img loading=\"lazy\" decoding=\"async\" class=\"size-full wp-image-1684 alignright\" src=\"http:\/\/www.jesusfragacid.com\/wp-content\/uploads\/2018\/05\/0116-neuronas.jpg\" alt=\"\" width=\"265\" height=\"190\" \/><\/p>\n<p align=\"justify\"><span style=\"color: #000000;\"><span style=\"font-family: Palatino Linotype, serif;\"><span style=\"font-size: medium;\">Por su parte, el cient\u00edfico Christian Hellwig, del Instituto Max Planck de Biof\u00edsica y Qu\u00edmica (Gotinga, Baja Sajonia, Alemania) a\u00f1ade que las propiedades de \u00abnuestros pensamientos, nuestra voluntad nuestra conciencia y nuestros sentimientos\u00bb se podr\u00edan considerar \u00abespirituales\u00bb \u2014debido a que \u00abno tienen una interacci\u00f3n directa con las fuerzas de la naturaleza fundamentales\u00bb\u2014 y \u00abcorresponden de manera exacta con las caracter\u00edsticas que distinguen los tremendamente desconcertantes y maravillosos fen\u00f3menos del mundo cu\u00e1ntico\u00bb.<\/span><\/span><\/span><\/p>\n<p align=\"justify\">\n<p align=\"justify\"><span style=\"color: #000000;\"><span style=\"font-family: Palatino Linotype, serif;\"><u>Referencias bibliogr\u00e1ficas<\/u><\/span><\/span><\/p>\n<p><span style=\"color: #000000;\"><span style=\"font-family: Palatino Linotype, serif;\"><a href=\"http:\/\/www.xn--revistaaocero-pkb.com\/secciones\/fronteras-ciencia\/descubren-donde-alojada-consciencia\">http:\/\/www.xn--revistaaocero-pkb.com\/secciones\/fronteras-ciencia\/descubren-donde-alojada-consciencia<\/a><\/span><\/span><\/p>\n<p><span style=\"color: #000000;\"><span style=\"font-family: Palatino Linotype, serif;\"><a href=\"http:\/\/orbesargentina.com\/localizan-fuente-fisica-de-la-conciencia\/\">http:\/\/orbesargentina.com\/localizan-fuente-fisica-de-la-conciencia\/<\/a><\/span><\/span><\/p>\n<p><span style=\"color: #000000;\"><span style=\"font-family: Palatino Linotype, serif;\"><a href=\"https:\/\/www.tendencias21.net\/Descubren-en-que-parte-del-cerebro-esta-alojada-la-conciencia_a43410.html\">https:\/\/www.tendencias21.net\/Descubren-en-que-parte-del-cerebro-esta-alojada-la-conciencia_a43410.html<\/a><\/span><\/span><\/p>\n<p><span style=\"color: #000000;\"><span style=\"font-family: Palatino Linotype, serif;\"><a href=\"https:\/\/www.eldefinido.cl\/actualidad\/mundo\/7695\/La-conciencia-podria-existir-fisicamente-en-nuestro-cerebro-pero-que-diantres-es-la-conciencia\/\">https:\/\/www.eldefinido.cl\/actualidad\/mundo\/7695\/La-conciencia-podria-existir-fisicamente-en-nuestro-cerebro-pero-que-diantres-es-la-conciencia\/<\/a><\/span><\/span><\/p>\n<p><span style=\"color: #000000;\"><span style=\"font-family: Palatino Linotype, serif;\"><a href=\"https:\/\/omicrono.elespanol.com\/2016\/11\/consciencia-en-el-cerebro\/\">https:\/\/omicrono.elespanol.com\/2016\/11\/consciencia-en-el-cerebro\/<\/a><\/span><\/span><\/p>\n","protected":false},"excerpt":{"rendered":"<p>CIENT\u00cdFICOS DE LA UNIVERSIDAD DE HARVARD HALLAN UN \u00c1REA NEUROANAT\u00d3MICA DEL CEREBRO PRECURSORA DE LA&#8230;<\/p>\n","protected":false},"author":5,"featured_media":0,"comment_status":"closed","ping_status":"closed","sticky":false,"template":"","format":"standard","meta":{"footnotes":""},"categories":[25,26,24,23],"tags":[28,18,29,27],"class_list":["post-1680","post","type-post","status-publish","format-standard","hentry","category-consciencia","category-espiritualidad","category-metafisica","category-neurobiologia","tag-consciencia","tag-espiritualidad","tag-metafisica","tag-neurobiologia"],"_links":{"self":[{"href":"https:\/\/www.jesusfragacid.com\/index.php?rest_route=\/wp\/v2\/posts\/1680","targetHints":{"allow":["GET"]}}],"collection":[{"href":"https:\/\/www.jesusfragacid.com\/index.php?rest_route=\/wp\/v2\/posts"}],"about":[{"href":"https:\/\/www.jesusfragacid.com\/index.php?rest_route=\/wp\/v2\/types\/post"}],"author":[{"embeddable":true,"href":"https:\/\/www.jesusfragacid.com\/index.php?rest_route=\/wp\/v2\/users\/5"}],"replies":[{"embeddable":true,"href":"https:\/\/www.jesusfragacid.com\/index.php?rest_route=%2Fwp%2Fv2%2Fcomments&post=1680"}],"version-history":[{"count":1,"href":"https:\/\/www.jesusfragacid.com\/index.php?rest_route=\/wp\/v2\/posts\/1680\/revisions"}],"predecessor-version":[{"id":1685,"href":"https:\/\/www.jesusfragacid.com\/index.php?rest_route=\/wp\/v2\/posts\/1680\/revisions\/1685"}],"wp:attachment":[{"href":"https:\/\/www.jesusfragacid.com\/index.php?rest_route=%2Fwp%2Fv2%2Fmedia&parent=1680"}],"wp:term":[{"taxonomy":"category","embeddable":true,"href":"https:\/\/www.jesusfragacid.com\/index.php?rest_route=%2Fwp%2Fv2%2Fcategories&post=1680"},{"taxonomy":"post_tag","embeddable":true,"href":"https:\/\/www.jesusfragacid.com\/index.php?rest_route=%2Fwp%2Fv2%2Ftags&post=1680"}],"curies":[{"name":"wp","href":"https:\/\/api.w.org\/{rel}","templated":true}]}}