{"id":1807,"date":"2018-07-26T12:23:43","date_gmt":"2018-07-26T12:23:43","guid":{"rendered":"http:\/\/www.jesusfragacid.com\/?p=1807"},"modified":"2018-07-26T17:58:19","modified_gmt":"2018-07-26T17:58:19","slug":"philosophy-author-llises-forest-3","status":"publish","type":"post","link":"https:\/\/www.jesusfragacid.com\/?p=1807","title":{"rendered":"PHILOSOPHY (AUTHOR: LLISES FOREST)"},"content":{"rendered":"<h3 style=\"text-align: center;\"><strong>LA TEOR\u00cdA DE LA EVOLUCI\u00d3N NEODARWINISTA: ALGUNOS DILEMAS CIENT\u00cdFICOS, FILOS\u00d3FICOS Y EPISTEMOL\u00d3GICOS CONTEXTUALES<\/strong><\/h3>\n<p><img loading=\"lazy\" decoding=\"async\" class=\"size-medium wp-image-1829 aligncenter\" src=\"http:\/\/www.jesusfragacid.com\/wp-content\/uploads\/2018\/07\/27747853_10213304092689111_2764285740319452638_o-300x169.jpg\" alt=\"\" width=\"300\" height=\"169\" srcset=\"https:\/\/www.jesusfragacid.com\/wp-content\/uploads\/2018\/07\/27747853_10213304092689111_2764285740319452638_o-300x169.jpg 300w, https:\/\/www.jesusfragacid.com\/wp-content\/uploads\/2018\/07\/27747853_10213304092689111_2764285740319452638_o-768x432.jpg 768w, https:\/\/www.jesusfragacid.com\/wp-content\/uploads\/2018\/07\/27747853_10213304092689111_2764285740319452638_o-1024x576.jpg 1024w, https:\/\/www.jesusfragacid.com\/wp-content\/uploads\/2018\/07\/27747853_10213304092689111_2764285740319452638_o.jpg 1280w\" sizes=\"auto, (max-width: 300px) 100vw, 300px\" \/><\/p>\n<p>&nbsp;<\/p>\n<p style=\"text-align: center;\"><img loading=\"lazy\" decoding=\"async\" class=\"wp-image-1808 alignleft\" src=\"http:\/\/www.jesusfragacid.com\/wp-content\/uploads\/2018\/07\/23561485_10212642230102960_3289746426961921055_n-300x154.jpg\" alt=\"\" width=\"340\" height=\"175\" srcset=\"https:\/\/www.jesusfragacid.com\/wp-content\/uploads\/2018\/07\/23561485_10212642230102960_3289746426961921055_n-300x154.jpg 300w, https:\/\/www.jesusfragacid.com\/wp-content\/uploads\/2018\/07\/23561485_10212642230102960_3289746426961921055_n.jpg 639w\" sizes=\"auto, (max-width: 340px) 100vw, 340px\" \/><\/p>\n<p>Muchos est\u00e1n familiarizados con los teor\u00edas de Charles Darwin sobre la evoluci\u00f3n de las especies. En ellas se establece que las especies fueron evolucionando a trav\u00e9s de mutaciones gen\u00e9ticas aleatorias, a trav\u00e9s de mecanismo de adaptaci\u00f3n\u00a0 y selecci\u00f3n natural. A pesar de que neodarwinismo no es una teor\u00eda global completa, sino un conjunto de teor\u00edas, algunas de ellas no muy s\u00f3lidas entre s\u00ed, elaboradas a partir de una marco te\u00f3rico retrospectivo multidisciplinar (microbiolog\u00eda, etolog\u00eda, embrionolog\u00eda, gen\u00e9tica de poblaciones, sociobiolog\u00eda, biogeograf\u00eda, anatom\u00eda comparada, paleoantropolog\u00eda, epigen\u00e9tica, primatolog\u00eda, zoolog\u00eda, paleogen\u00e9tica, antropolog\u00eda, paleontolog\u00eda, bioqu\u00edmica, etc.) como modelo explicativo del surgimiento y evoluci\u00f3n de las especies en la Tierra. A pesar de que el Neodarniwismo est\u00e1 implantado como modelo de ense\u00f1anza a nivel cient\u00edfico y acad\u00e9mico, existen una serie de \u00abpuntos ciegos\u00bb que invalidan, al menos ciertos aspectos formales, esta teor\u00eda cient\u00edfica.<\/p>\n<p>&nbsp;<\/p>\n<p style=\"text-align: center;\"><strong>EL ORIGEN DE LA VIDA<\/strong><\/p>\n<p>&nbsp;<\/p>\n<p><img loading=\"lazy\" decoding=\"async\" class=\"alignnone size-medium wp-image-1809\" src=\"http:\/\/www.jesusfragacid.com\/wp-content\/uploads\/2018\/07\/materia-inerte-300x225.png\" alt=\"\" width=\"300\" height=\"225\" srcset=\"https:\/\/www.jesusfragacid.com\/wp-content\/uploads\/2018\/07\/materia-inerte-300x225.png 300w, https:\/\/www.jesusfragacid.com\/wp-content\/uploads\/2018\/07\/materia-inerte.png 680w\" sizes=\"auto, (max-width: 300px) 100vw, 300px\" \/><\/p>\n<p>1. \u00bfC\u00f3mo surgi\u00f3 el primer organismo unicelular vivo a partir de elementos inorg\u00e1nicos o de la materia inerte y de d\u00f3nde procedi\u00f3?<\/p>\n<p><img loading=\"lazy\" decoding=\"async\" class=\"alignnone size-medium wp-image-1810\" src=\"http:\/\/www.jesusfragacid.com\/wp-content\/uploads\/2018\/07\/ntermedia_178_06-300x217.jpg\" alt=\"\" width=\"300\" height=\"217\" srcset=\"https:\/\/www.jesusfragacid.com\/wp-content\/uploads\/2018\/07\/ntermedia_178_06-300x217.jpg 300w, https:\/\/www.jesusfragacid.com\/wp-content\/uploads\/2018\/07\/ntermedia_178_06-768x556.jpg 768w, https:\/\/www.jesusfragacid.com\/wp-content\/uploads\/2018\/07\/ntermedia_178_06.jpg 940w\" sizes=\"auto, (max-width: 300px) 100vw, 300px\" \/><\/p>\n<p>2. \u00bfQu\u00e9 elementos qu\u00edmicos y en qu\u00e9 condiciones ambientales pudieron provocar el surgimiento de la vida microbi\u00f3tica?<\/p>\n<p>3. \u00bfQu\u00e9 mecanismo gen\u00e9tico ha hecho que las c\u00e9lulas de primer organismo vivo se autoreplicasen?<\/p>\n<p><img loading=\"lazy\" decoding=\"async\" class=\"alignnone size-medium wp-image-1811\" src=\"http:\/\/www.jesusfragacid.com\/wp-content\/uploads\/2018\/07\/animales-hibridos-14-300x225.jpg\" alt=\"\" width=\"300\" height=\"225\" srcset=\"https:\/\/www.jesusfragacid.com\/wp-content\/uploads\/2018\/07\/animales-hibridos-14-300x225.jpg 300w, https:\/\/www.jesusfragacid.com\/wp-content\/uploads\/2018\/07\/animales-hibridos-14.jpg 600w\" sizes=\"auto, (max-width: 300px) 100vw, 300px\" \/><\/p>\n<p>4. \u00bfQu\u00e9 mecanismo biol\u00f3gico o gen\u00e9tico hace que mute una especia a otra de mayor complejidad u orden? \u00bfAcaso no es cierto que esa presuntas mutaciones gen\u00e9ticos dan lugar m\u00e1s bien a aberraciones cong\u00e9nitas totalmente involucionadas?<\/p>\n<p><img loading=\"lazy\" decoding=\"async\" class=\"alignnone wp-image-1812\" src=\"http:\/\/www.jesusfragacid.com\/wp-content\/uploads\/2018\/07\/e23aa88da81c97d2231daed3df053537-300x241.jpg\" alt=\"\" width=\"448\" height=\"360\" srcset=\"https:\/\/www.jesusfragacid.com\/wp-content\/uploads\/2018\/07\/e23aa88da81c97d2231daed3df053537-300x241.jpg 300w, https:\/\/www.jesusfragacid.com\/wp-content\/uploads\/2018\/07\/e23aa88da81c97d2231daed3df053537.jpg 623w\" sizes=\"auto, (max-width: 448px) 100vw, 448px\" \/><\/p>\n<p>5. \u00bfQu\u00e9 mecanismos naturales han provocado la evoluci\u00f3n de seres invertebrados\u00a0 a vertebrados ?\u00bfExiste constancia de animales h\u00edbridos que se adapten y sobrevivan mediante mecanismo de selecci\u00f3n natural a cualquier tipo de entorno?<\/p>\n<p><img loading=\"lazy\" decoding=\"async\" class=\" wp-image-1813\" src=\"http:\/\/www.jesusfragacid.com\/wp-content\/uploads\/2018\/07\/pinguinos-300x199.jpg\" alt=\"\" width=\"252\" height=\"167\" srcset=\"https:\/\/www.jesusfragacid.com\/wp-content\/uploads\/2018\/07\/pinguinos-300x199.jpg 300w, https:\/\/www.jesusfragacid.com\/wp-content\/uploads\/2018\/07\/pinguinos-768x510.jpg 768w, https:\/\/www.jesusfragacid.com\/wp-content\/uploads\/2018\/07\/pinguinos-1024x680.jpg 1024w, https:\/\/www.jesusfragacid.com\/wp-content\/uploads\/2018\/07\/pinguinos.jpg 1080w\" sizes=\"auto, (max-width: 252px) 100vw, 252px\" \/>\u00a0<img loading=\"lazy\" decoding=\"async\" class=\"alignnone wp-image-1814\" src=\"http:\/\/www.jesusfragacid.com\/wp-content\/uploads\/2018\/07\/climas-de-costa-rica-11-638-300x225.jpg\" alt=\"\" width=\"224\" height=\"168\" srcset=\"https:\/\/www.jesusfragacid.com\/wp-content\/uploads\/2018\/07\/climas-de-costa-rica-11-638-300x225.jpg 300w, https:\/\/www.jesusfragacid.com\/wp-content\/uploads\/2018\/07\/climas-de-costa-rica-11-638.jpg 638w\" sizes=\"auto, (max-width: 224px) 100vw, 224px\" \/><\/p>\n<p>6. \u00bfPuede un animal acu\u00e1tico mutar gen\u00e9ticamente para dar lugar a una especie voladora transgrediendo las leyes de la gen\u00e9tica y de la f\u00edsica? \u00bfPuede una especie animal marina adaptarse a un entorno fluvial dulce? \u00bfPuede una especie de clima polar adaptarse a un clima tropical?<\/p>\n<p><img loading=\"lazy\" decoding=\"async\" class=\"alignnone wp-image-1815\" src=\"http:\/\/www.jesusfragacid.com\/wp-content\/uploads\/2018\/07\/1347129121_354448_1347134801_sumario_normal-300x155.png\" alt=\"\" width=\"358\" height=\"185\" srcset=\"https:\/\/www.jesusfragacid.com\/wp-content\/uploads\/2018\/07\/1347129121_354448_1347134801_sumario_normal-300x155.png 300w, https:\/\/www.jesusfragacid.com\/wp-content\/uploads\/2018\/07\/1347129121_354448_1347134801_sumario_normal.png 560w\" sizes=\"auto, (max-width: 358px) 100vw, 358px\" \/><\/p>\n<p>7. \u00bfC\u00f3mo podemos explicar el salto evolutivo entre los simios y los seres humanos en base la gen\u00e9tica comparada? \u00bfQu\u00e9 hacemos con el ADN basura?<\/p>\n<p><img loading=\"lazy\" decoding=\"async\" class=\"alignnone size-medium wp-image-1816\" src=\"http:\/\/www.jesusfragacid.com\/wp-content\/uploads\/2018\/07\/The_March_of_Progress-300x294.jpg\" alt=\"\" width=\"300\" height=\"294\" srcset=\"https:\/\/www.jesusfragacid.com\/wp-content\/uploads\/2018\/07\/The_March_of_Progress-300x294.jpg 300w, https:\/\/www.jesusfragacid.com\/wp-content\/uploads\/2018\/07\/The_March_of_Progress.jpg 577w\" sizes=\"auto, (max-width: 300px) 100vw, 300px\" \/><\/p>\n<p>8. \u00bfComo explicar el salto evolutivo abismal entre los hominidos y los seres humanos en aspectos como el lenguaje verbal, la neuroplasticidad humana, su fisonom\u00eda, la inteligencia, el raciocinio, la antropo\u00e9tica, la creatividad, el arte, la religi\u00f3n, la ciencia, etc.? \u00bfD\u00f3nde est\u00e1 cient\u00edficamente documentado el eslab\u00f3n perdido que explique el salto \u00faltimo entre la especie hom\u00ednida (Homo Sapiens) y el Ser Humano?<\/p>\n<p><img loading=\"lazy\" decoding=\"async\" class=\"alignnone size-medium wp-image-1817\" src=\"http:\/\/www.jesusfragacid.com\/wp-content\/uploads\/2018\/07\/meta2-300x163.jpg\" alt=\"\" width=\"300\" height=\"163\" srcset=\"https:\/\/www.jesusfragacid.com\/wp-content\/uploads\/2018\/07\/meta2-300x163.jpg 300w, https:\/\/www.jesusfragacid.com\/wp-content\/uploads\/2018\/07\/meta2-768x418.jpg 768w, https:\/\/www.jesusfragacid.com\/wp-content\/uploads\/2018\/07\/meta2.jpg 794w\" sizes=\"auto, (max-width: 300px) 100vw, 300px\" \/><\/p>\n<p>9. \u00bfTiene un hom\u00ednido capacidad de autoconciencia de tipo metaf\u00edsico, filos\u00f3fico, axiol\u00f3gico o moral?<\/p>\n<p><img loading=\"lazy\" decoding=\"async\" class=\"alignnone size-medium wp-image-1818\" src=\"http:\/\/www.jesusfragacid.com\/wp-content\/uploads\/2018\/07\/picture-300x185.jpg\" alt=\"\" width=\"300\" height=\"185\" srcset=\"https:\/\/www.jesusfragacid.com\/wp-content\/uploads\/2018\/07\/picture-300x185.jpg 300w, https:\/\/www.jesusfragacid.com\/wp-content\/uploads\/2018\/07\/picture.jpg 455w\" sizes=\"auto, (max-width: 300px) 100vw, 300px\" \/><\/p>\n<p>10. \u00bfPor qu\u00e9 existen lagunas en el registro f\u00f3sil (saltos evolutivos temporales discontinuos, ausencia de registro f\u00f3siles de especies en transici\u00f3n, dataciones por carbono 14 incorrectas, etc.) a la hora de documentar la evoluci\u00f3n de todas las especies en la Tierra?<\/p>\n<p><img loading=\"lazy\" decoding=\"async\" class=\"alignnone size-medium wp-image-1819\" src=\"http:\/\/www.jesusfragacid.com\/wp-content\/uploads\/2018\/07\/8216_el_azar_no_existe-copia-2-300x251.jpg\" alt=\"\" width=\"300\" height=\"251\" srcset=\"https:\/\/www.jesusfragacid.com\/wp-content\/uploads\/2018\/07\/8216_el_azar_no_existe-copia-2-300x251.jpg 300w, https:\/\/www.jesusfragacid.com\/wp-content\/uploads\/2018\/07\/8216_el_azar_no_existe-copia-2.jpg 760w\" sizes=\"auto, (max-width: 300px) 100vw, 300px\" \/><\/p>\n<p>11. \u00bfEs posible que una cadena sucesiva de miles de millones de combinaciones completamente aleatorias, ciegas y an\u00e1rquicas d\u00e9 lugar, a partir de la materia inerte, a nuestro complejo y sofisticado neoc\u00f3rtex racional? \u00bfQu\u00e9 probabilidad estad\u00edstica existe que un tornado reconstruya al cabo de miles de millones de a\u00f1os todo el ensamblaje de avi\u00f3n Boeing 747? \u00bfAcaso no es cierto que su probabilidad es pr\u00e1cticamente nula?<\/p>\n<p>12. \u00bfAcaso no es cierto que el neodarwinismo no es m\u00e1s que una teor\u00eda puramente retrospectiva basada en la observaci\u00f3n y elucubraci\u00f3n de una serie de hip\u00f3tesis inconsistentes e incompletas explicativas para hacerla encajar a la fuerza en un modelo te\u00f3rico global no probado emp\u00edricamente?<\/p>\n<p><img loading=\"lazy\" decoding=\"async\" class=\"alignnone  wp-image-1820\" src=\"http:\/\/www.jesusfragacid.com\/wp-content\/uploads\/2018\/07\/260px-Criptozoologia2.jpg\" alt=\"\" width=\"275\" height=\"206\" \/><\/p>\n<p>13. \u00bfEs posible que los cient\u00edficos no hayan m\u00e1s que reconstruido a partir de los datos obtenidos del registro f\u00f3sil un esquema te\u00f3rico virtual o hipot\u00e9tico de c\u00f3mo evolucionaron las especies de unas a otras? \u00bfAcaso no es m\u00e1s probable que todo esto no sea m\u00e1s que una serie de elucubraciones cient\u00edficas sin ninguna base cient\u00edfica emp\u00edrica prospectiva experimental ? \u00bfQu\u00e9 pasa con todas aquellas especies animales no catalogadas (criptozoolog\u00eda) ?<\/p>\n<p>14. \u00bfExisten estudios cient\u00edficos experimentales prospectivos que avalen la teor\u00eda de la evoluci\u00f3n neodarwinista?<\/p>\n<p>15. \u00bfAcaso no es cierto que la teor\u00eda de la evoluci\u00f3n no es m\u00e1s que una teor\u00eda especulativa y simplista en donde existe aspectos formales muy discutibles (materialismo, mutaciones gen\u00e9ticas aleatorias, azar y necesidad) que plantea m\u00e1s preguntas que respuestas?<\/p>\n<p style=\"text-align: center;\"><strong>EL ORIGEN DEL UNIVERSO<\/strong><\/p>\n<p>&nbsp;<\/p>\n<p>Por un lado tenemos estos interrogantes a\u00fan sin una respuestas satisfactoria sobre el origen, desarrollo y evoluci\u00f3n de las especie en la Tierra. Sin embargo, la teor\u00eda de la evoluci\u00f3n abarca un marco m\u00e1s amplio para explicar igualmente el origen y evoluci\u00f3n del Universo a trav\u00e9s del Big Bang hace 13,700 millones de a\u00f1os. La realidad es que si ya hay cuestiones filos\u00f3fico-cient\u00edficas de fondo que ponen en entredicho algunos de las aspectos de la teor\u00eda la evoluci\u00f3n de la especies por selecci\u00f3n natural neodarwinista, la controvers\u00eda es mucho mayor a la hora de explicar el origen y evoluci\u00f3n del Universo. Estos son algunos de los interrogantes que plantea:<\/p>\n<p><img loading=\"lazy\" decoding=\"async\" class=\"alignnone size-medium wp-image-1821\" src=\"http:\/\/www.jesusfragacid.com\/wp-content\/uploads\/2018\/07\/1520341401_315006_1520343876_noticia_normal-300x169.jpg\" alt=\"\" width=\"300\" height=\"169\" srcset=\"https:\/\/www.jesusfragacid.com\/wp-content\/uploads\/2018\/07\/1520341401_315006_1520343876_noticia_normal-300x169.jpg 300w, https:\/\/www.jesusfragacid.com\/wp-content\/uploads\/2018\/07\/1520341401_315006_1520343876_noticia_normal-768x432.jpg 768w, https:\/\/www.jesusfragacid.com\/wp-content\/uploads\/2018\/07\/1520341401_315006_1520343876_noticia_normal-1024x576.jpg 1024w, https:\/\/www.jesusfragacid.com\/wp-content\/uploads\/2018\/07\/1520341401_315006_1520343876_noticia_normal.jpg 1200w\" sizes=\"auto, (max-width: 300px) 100vw, 300px\" \/><\/p>\n<p>1. \u00bfQu\u00e9 hab\u00eda antes del Big Bang?<\/p>\n<p>2. \u00bfC\u00f3mo explicar el origen de la materia en el Universo a partir de una fluctuaci\u00f3n cu\u00e1ntica del vac\u00edo c\u00f3smico?<\/p>\n<p><img loading=\"lazy\" decoding=\"async\" class=\"alignnone size-medium wp-image-1822\" src=\"http:\/\/www.jesusfragacid.com\/wp-content\/uploads\/2018\/07\/185C41521-300x216.jpg\" alt=\"\" width=\"300\" height=\"216\" srcset=\"https:\/\/www.jesusfragacid.com\/wp-content\/uploads\/2018\/07\/185C41521-300x216.jpg 300w, https:\/\/www.jesusfragacid.com\/wp-content\/uploads\/2018\/07\/185C41521-768x552.jpg 768w, https:\/\/www.jesusfragacid.com\/wp-content\/uploads\/2018\/07\/185C41521.jpg 932w\" sizes=\"auto, (max-width: 300px) 100vw, 300px\" \/><\/p>\n<p>3. \u00bfQu\u00e9 suerte de \u00abmilagro\u00bb cient\u00edfico ha hecho que, desde un origen ca\u00f3tico del Universo debido a la Gran Explosi\u00f3n, haya de alguna forma dado como resultado un orden subyacente, equilibrio entre las fuerzas c\u00f3smicas, una refinada armon\u00eda, ajuste preciso y sincron\u00eda de todas sus leyes y una perfecta precisi\u00f3n en los par\u00e1metros o magnitudes de la f\u00edsica o cosmolog\u00eda para dar lugar a la vida?<\/p>\n<p><img loading=\"lazy\" decoding=\"async\" class=\"alignnone size-medium wp-image-1823\" src=\"http:\/\/www.jesusfragacid.com\/wp-content\/uploads\/2018\/07\/main-qimg-42d32f33a5441eddea9475fb533a857a-c-300x207.jpg\" alt=\"\" width=\"300\" height=\"207\" srcset=\"https:\/\/www.jesusfragacid.com\/wp-content\/uploads\/2018\/07\/main-qimg-42d32f33a5441eddea9475fb533a857a-c-300x207.jpg 300w, https:\/\/www.jesusfragacid.com\/wp-content\/uploads\/2018\/07\/main-qimg-42d32f33a5441eddea9475fb533a857a-c.jpg 602w\" sizes=\"auto, (max-width: 300px) 100vw, 300px\" \/><\/p>\n<p>4. \u00bfPor qu\u00e9 existen diferentes modelos cosmol\u00f3gicos a la hora explicar el origen de toda la realidad? \u00bfQue hacemos con las dem\u00e1s teor\u00edas, como la Teor\u00eda de los Multiversos paralelos, la Teor\u00eda de Cuerdas, la Teor\u00eda del los Universos C\u00edclicos, etc.?<\/p>\n<p><img loading=\"lazy\" decoding=\"async\" class=\"alignnone wp-image-1824\" src=\"http:\/\/www.jesusfragacid.com\/wp-content\/uploads\/2018\/07\/mecanica-celeste-1-728-300x225.jpg\" alt=\"\" width=\"199\" height=\"149\" srcset=\"https:\/\/www.jesusfragacid.com\/wp-content\/uploads\/2018\/07\/mecanica-celeste-1-728-300x225.jpg 300w, https:\/\/www.jesusfragacid.com\/wp-content\/uploads\/2018\/07\/mecanica-celeste-1-728.jpg 728w\" sizes=\"auto, (max-width: 199px) 100vw, 199px\" \/>\u00a0\u00a0<img loading=\"lazy\" decoding=\"async\" class=\"alignnone size-medium wp-image-1825\" src=\"http:\/\/www.jesusfragacid.com\/wp-content\/uploads\/2018\/07\/49B-300x146.png\" alt=\"\" width=\"300\" height=\"146\" srcset=\"https:\/\/www.jesusfragacid.com\/wp-content\/uploads\/2018\/07\/49B-300x146.png 300w, https:\/\/www.jesusfragacid.com\/wp-content\/uploads\/2018\/07\/49B.png 600w\" sizes=\"auto, (max-width: 300px) 100vw, 300px\" \/><\/p>\n<p>6. \u00bfC\u00f3mo compatibilizar el mundo macrosc\u00f3pico determinista con el mundo microsc\u00f3pico indeterminista?<\/p>\n<p><img loading=\"lazy\" decoding=\"async\" class=\"alignnone size-medium wp-image-1826\" src=\"http:\/\/www.jesusfragacid.com\/wp-content\/uploads\/2018\/07\/teorias-del-universo-3-638-300x225.jpg\" alt=\"\" width=\"300\" height=\"225\" srcset=\"https:\/\/www.jesusfragacid.com\/wp-content\/uploads\/2018\/07\/teorias-del-universo-3-638-300x225.jpg 300w, https:\/\/www.jesusfragacid.com\/wp-content\/uploads\/2018\/07\/teorias-del-universo-3-638.jpg 638w\" sizes=\"auto, (max-width: 300px) 100vw, 300px\" \/><\/p>\n<p>7. \u00bfPor qu\u00e9 existen muchas interpretaciones cient\u00edficas sobre el origen y evoluci\u00f3n del Universo?<\/p>\n<p><img loading=\"lazy\" decoding=\"async\" class=\"alignnone wp-image-1827\" src=\"http:\/\/www.jesusfragacid.com\/wp-content\/uploads\/2018\/07\/dioseseluniversoo-300x157.jpg\" alt=\"\" width=\"346\" height=\"181\" srcset=\"https:\/\/www.jesusfragacid.com\/wp-content\/uploads\/2018\/07\/dioseseluniversoo-300x157.jpg 300w, https:\/\/www.jesusfragacid.com\/wp-content\/uploads\/2018\/07\/dioseseluniversoo-768x403.jpg 768w, https:\/\/www.jesusfragacid.com\/wp-content\/uploads\/2018\/07\/dioseseluniversoo.jpg 841w\" sizes=\"auto, (max-width: 346px) 100vw, 346px\" \/><\/p>\n<p>8. \u00bfAcaso no es cierto que existe una relaci\u00f3n de analog\u00eda entre el Universo y un Creador? \u00bfNo es Dios realmente el Gran Matem\u00e1tico, Relojero, Ide\u00f3logo, Mec\u00e1nico y Dise\u00f1ador del Cosmos?<\/p>\n<p>&nbsp;<\/p>\n<p>CONCLUSI\u00d3N<\/p>\n<p><img loading=\"lazy\" decoding=\"async\" class=\"alignnone size-medium wp-image-1828\" src=\"http:\/\/www.jesusfragacid.com\/wp-content\/uploads\/2018\/07\/romanos-1-20-300x157.jpg\" alt=\"\" width=\"300\" height=\"157\" srcset=\"https:\/\/www.jesusfragacid.com\/wp-content\/uploads\/2018\/07\/romanos-1-20-300x157.jpg 300w, https:\/\/www.jesusfragacid.com\/wp-content\/uploads\/2018\/07\/romanos-1-20.jpg 688w\" sizes=\"auto, (max-width: 300px) 100vw, 300px\" \/><\/p>\n<p>Todos esos interrogantes nos llevan a pensar que la teor\u00eda de la evoluci\u00f3n no es m\u00e1s eso, una simple teor\u00eda, no una ley cient\u00edfica universal (gravedad). De lo contrario una parte importante de la comunidad cient\u00edfica no estar\u00edan discutiendo sobre la validez cient\u00edficas de esta teor\u00eda. En cualquier caso, la teor\u00eda de la evoluci\u00f3n no tiene porque refutar la existencia de Dios. Existen muchos cient\u00edficos, fil\u00f3sofos, acad\u00e9micos, eruditos, premios Nobel, etc. que sostienen que es compatible la visi\u00f3n evolucionista de la ciencia con la visi\u00f3n Creacionista de la religi\u00f3n. Para nada esta teor\u00eda tiene porque negar la existencia de Dios. Adem\u00e1s, habr\u00eda que saber que tipo de Dios existe: como una Mente Universal, Principio Divino Regulador, Energ\u00eda Suprema C\u00f3smica, Orden Superior, etc. Creo que m\u00e1s bien la cuesti\u00f3n de la existencia de Dios es meramente sem\u00e1ntica o interpretativa en cuanto a su definici\u00f3n.La cuesti\u00f3n clave es que todo el Orden, Equilibrio, Sincron\u00eda, Simplicidad y Armon\u00eda que existen en todo el Universo f\u00edsico, incluyendo el no f\u00edsico (Omniverso) est\u00e1 guiado por una Fuerza Invisible Misteriosa de tipo DIVINO que ha hecho posible el surgimiento de la vida en el Universo. Ah\u00ed est\u00e1 la clave de todo.<\/p>\n<p>&nbsp;<\/p>\n<p>\u00a1Muchas gracias!<\/p>\n<p>&nbsp;<\/p>\n","protected":false},"excerpt":{"rendered":"<p>LA TEOR\u00cdA DE LA EVOLUCI\u00d3N NEODARWINISTA: ALGUNOS DILEMAS CIENT\u00cdFICOS, FILOS\u00d3FICOS Y EPISTEMOL\u00d3GICOS CONTEXTUALES &nbsp; Muchos&#8230;<\/p>\n","protected":false},"author":5,"featured_media":0,"comment_status":"closed","ping_status":"closed","sticky":false,"template":"","format":"standard","meta":{"footnotes":""},"categories":[1],"tags":[9,51,52,50,53,54],"class_list":["post-1807","post","type-post","status-publish","format-standard","hentry","category-uncategorized","tag-ciencia","tag-creacion","tag-dios","tag-evolucion","tag-filosofia","tag-teologia"],"_links":{"self":[{"href":"https:\/\/www.jesusfragacid.com\/index.php?rest_route=\/wp\/v2\/posts\/1807","targetHints":{"allow":["GET"]}}],"collection":[{"href":"https:\/\/www.jesusfragacid.com\/index.php?rest_route=\/wp\/v2\/posts"}],"about":[{"href":"https:\/\/www.jesusfragacid.com\/index.php?rest_route=\/wp\/v2\/types\/post"}],"author":[{"embeddable":true,"href":"https:\/\/www.jesusfragacid.com\/index.php?rest_route=\/wp\/v2\/users\/5"}],"replies":[{"embeddable":true,"href":"https:\/\/www.jesusfragacid.com\/index.php?rest_route=%2Fwp%2Fv2%2Fcomments&post=1807"}],"version-history":[{"count":3,"href":"https:\/\/www.jesusfragacid.com\/index.php?rest_route=\/wp\/v2\/posts\/1807\/revisions"}],"predecessor-version":[{"id":1832,"href":"https:\/\/www.jesusfragacid.com\/index.php?rest_route=\/wp\/v2\/posts\/1807\/revisions\/1832"}],"wp:attachment":[{"href":"https:\/\/www.jesusfragacid.com\/index.php?rest_route=%2Fwp%2Fv2%2Fmedia&parent=1807"}],"wp:term":[{"taxonomy":"category","embeddable":true,"href":"https:\/\/www.jesusfragacid.com\/index.php?rest_route=%2Fwp%2Fv2%2Fcategories&post=1807"},{"taxonomy":"post_tag","embeddable":true,"href":"https:\/\/www.jesusfragacid.com\/index.php?rest_route=%2Fwp%2Fv2%2Ftags&post=1807"}],"curies":[{"name":"wp","href":"https:\/\/api.w.org\/{rel}","templated":true}]}}