{"id":1976,"date":"2018-11-07T12:17:57","date_gmt":"2018-11-07T12:17:57","guid":{"rendered":"http:\/\/www.jesusfragacid.com\/?p=1976"},"modified":"2019-09-16T14:40:41","modified_gmt":"2019-09-16T14:40:41","slug":"science-religion","status":"publish","type":"post","link":"https:\/\/www.jesusfragacid.com\/?p=1976","title":{"rendered":"SCIENCE &#038; RELIGION"},"content":{"rendered":"<h1 style=\"text-align: center;\">EL EFECTO FOTOSC\u00d3PICO NEGATIVO TRIDIMENSIONAL DE LA SANTA S\u00cdNDONE DE TUR\u00cdN Y SU POSIBLE RELACI\u00d3N CON EL TERREMOTO \u00abRADIACTIVO\u00bb EN LA TUMBA DEL SANTO SEPULCRO DE JERUSAL\u00c9N HACE 2.000 A\u00d1OS<\/h1>\n<p>&nbsp;<\/p>\n<p><img loading=\"lazy\" decoding=\"async\" class=\"aligncenter\" src=\"https:\/\/i2.wp.com\/www.lastampa.it\/rf\/image_lowres\/Pub\/p4\/2018\/05\/03\/VaticanInsider\/Foto\/Ritagli\/c5616134-989d-11e8-8c2f-79a411651920_6536b0e2507d78daf03a2d19a4aa1f45-RefVmN4CKJIuVarmaOHTRJO-1024x576%40LaStampa.it.jpg\" alt=\"Resultado de imagen de santa s\u00edndone de tur\u00edn\" width=\"730\" height=\"410\"><\/p>\n<p>&nbsp;<\/p>\n<p><img loading=\"lazy\" decoding=\"async\" class=\"aligncenter\" src=\"https:\/\/www.ngenespanol.com\/wp-content\/uploads\/2018\/08\/Reabren-el-Santo-Sepulcro-en-Tierra-Santa.png\" alt=\"Resultado de imagen de santo sepulcro\" width=\"694\" height=\"372\"><\/p>\n<p>&nbsp;<\/p>\n<h2 class=\"introduccion\" style=\"text-align: center;\"><span style=\"color: #3366ff;\"><strong>Es un enigma c\u00f3mo se form\u00f3 la S\u00e1bana Santa.<\/strong><\/span><\/h2>\n<h2 class=\"introduccion\" style=\"text-align: center;\"><span style=\"color: #3366ff;\"><strong>Pero algo extraordinario sucedi\u00f3 cuando abrieron la tumba de Jes\u00fas en el Santo Sepulcro en octubre de 2016, para su restauraci\u00f3n.<\/strong><\/span><\/h2>\n<h2 class=\"introduccion\" style=\"text-align: center;\"><span style=\"color: #3366ff;\"><strong>Encontraron una sorprendente radiaci\u00f3n electromagn\u00e9tica que descontrol\u00f3 los instrumentos de los cient\u00edficos.<\/strong><\/span><\/h2>\n<h2 class=\"introduccion\" style=\"text-align: center;\"><span style=\"color: #3366ff;\"><strong>Esto podr\u00eda ser la secuela de una fuerte radiaci\u00f3n de hace 2000 a\u00f1os, de la que ya varios cient\u00edficos hab\u00edan hablado como causante de la impresi\u00f3n del cuerpo de Jes\u00fas en la S\u00e1bana.<\/strong><\/span><\/h2>\n<p><a href=\"https:\/\/forosdelavirgen.org\/4170\/el-santo-sudario-de-turin\/caradelasabanasanta\/\" rel=\"attachment wp-att-19698\"><img loading=\"lazy\" decoding=\"async\" class=\"size-large wp-image-19698 aligncenter\" title=\"caradelasabanasanta\" src=\"https:\/\/forosdelavirgen.org\/wp-content\/uploads\/2010\/04\/caradelasabanasanta1-500x329.jpg\" sizes=\"auto, (max-width: 500px) 100vw, 500px\" srcset=\"https:\/\/forosdelavirgen.org\/wp-content\/uploads\/2010\/04\/caradelasabanasanta1-500x329.jpg 500w, https:\/\/forosdelavirgen.org\/wp-content\/uploads\/2010\/04\/caradelasabanasanta1-250x164.jpg 250w, https:\/\/forosdelavirgen.org\/wp-content\/uploads\/2010\/04\/caradelasabanasanta1.jpg 800w\" alt=\"\" width=\"500\" height=\"329\"><\/a><\/p>\n<h2 class=\"introduccion-2\"><strong>Pero adem\u00e1s, investigadores de la Universidad de Murcia informaron, el 31 de marzo de 2017, que encontraron marcas claras \u2013 en la S\u00e1bana Santa y tambi\u00e9n en el Santo Sudario \u2013 de la lanzada que atraves\u00f3 a Jes\u00fas ya muerto en la cruz.<\/strong><\/h2>\n<p><strong>Repasemos todo lo que se sabe cient\u00edficamente<\/strong> de la S\u00e1bana de Tur\u00edn y especialmente este \u00faltimo descubrimiento.<\/p>\n<p>El S\u00e1bana Santa de Tur\u00edn \u2014tambi\u00e9n conocida como el S\u00edndone de Tur\u00edn\u2014 es <strong>una tela de lino que muestra la imagen en negativo fotogr\u00e1fico de un hombre.<\/strong><\/p>\n<p>Que <strong>presenta marcas y traumas f\u00edsicos propios de una crucifixi\u00f3n<\/strong>, junto a otros totalmente at\u00edpicos, pero acordes con los hechos relatados en la Pasi\u00f3n.<\/p>\n<p><strong>Y es consistente con el lienzo o s\u00e1bana de la cual nos hablan los evangelios<\/strong>:<\/p>\n<p>la s\u00e1bana nueva y limpia en la cual Jos\u00e9 de Arimatea, con ayuda de Nicodemo, envolvi\u00f3 el cuerpo de Jes\u00fas tras su muerte en la cruz [Mt 27, 57ss; Mc 15, 42ss; Lc 23, 50ss; Lc 24, 12ss; Jn 19, 38ss; Jn 20, 5ss].<\/p>\n<p>Es una gran pieza de lino de <strong>4\u201941 m de largo y 1\u201913 m de ancho.<\/strong><\/p>\n<p>Est\u00e1 <strong>amarillenta, ra\u00edda, sucia, manchada de sangre y quemada.<\/strong><\/p>\n<p>Actualmente <strong>se encuentra en la catedral de San Juan Bautista de Tur\u00edn<\/strong> (Italia).<\/p>\n<p>Los <strong>detalles de las torturas que se observan en el Lienzo, evocan las narraciones de los Evangelios<\/strong>:<\/p>\n<ul>\n<li><strong>las se\u00f1ales de los clavos en manos y pies;<\/strong><\/li>\n<li><strong>la \u201ccorona de espinas\u201d alrededor de la cabeza;<\/strong><\/li>\n<li><strong>las se\u00f1ales de los azotes; la herida del costado;<\/strong><\/li>\n<li><strong>la ausencia de fractura de huesos de las piernas.<\/strong><\/li>\n<\/ul>\n<p>La \u201cS\u00edndone\u201d&nbsp;es una imagen, que para los creyentes <strong>es un \u201cicono de la Pasi\u00f3n\u201d, como la defini\u00f3 el papa Pablo VI.<\/strong><\/p>\n<div class=\"wp-caption aligncenter\"><img decoding=\"async\" src=\"http:\/\/farm7.staticflickr.com\/6220\/6378360527_a94f0687d2_z.jpg\" alt=\"Sindone completo en negativo y en positivo\" width=\"500\"><\/p>\n<p class=\"wp-caption-text\">Sindone completo en negativo y en positivo<\/p>\n<\/div>\n<p>&nbsp;<\/p>\n<h2><strong>HALLAZGOS CIENT\u00cdFICOS<\/strong><\/h2>\n<p><strong>Muchos creen que la s\u00e1bana&nbsp;de Tur\u00edn es el lienzo f\u00fanebre de Cristo, es decir, el lienzo en que el cuerpo de Jes\u00fas fue envuelto<\/strong>.<\/p>\n<p>\u00bfHay razones para tal creencia? <strong>El sudario ha sido sometido a los estudios m\u00e1s rigurosos de la ciencia<\/strong>, descubri\u00e9ndose numerosos datos asombrosos.<\/p>\n<h2 class=\"importante\"><strong>Mientras muchos hombres fueron crucificados, solo Jesucristo fue adem\u00e1s azotado, coronado con espinas y traspasado en el coraz\u00f3n con una lanza, tal como muestra la imagen.<\/strong><\/h2>\n<p>La imagen de Tur\u00edn, de acuerdo con informaci\u00f3n obtenida por estudios cient\u00edficos dignos de todo respeto y jam\u00e1s rebatidos seriamente, <strong>tiene las caracter\u00edsticas siguientes:<\/strong><\/p>\n<div class=\"wp-caption aligncenter\"><img loading=\"lazy\" decoding=\"async\" src=\"http:\/\/farm7.staticflickr.com\/6057\/6378359401_7e34eb6729.jpg\" alt=\"Mirando el s\u00edndone\" width=\"500\" height=\"323\"><\/p>\n<p class=\"wp-caption-text\">Mirando el s\u00edndone<\/p>\n<\/div>\n<p>\u2013 <strong>Consiste en una d\u00e9bil mancha amarillenta, dif\u00edcil de ver cuando se observa a menos de unos dos metros de distancia.<\/strong><\/p>\n<p>Que reproduce una vista doble, frontal y dorsal, de <strong>un cuerpo humano desnudo, cubierto de heridas,<\/strong> que han dejado tambi\u00e9n manchas de sangre en el lienzo [por contacto directo].<\/p>\n<p>\u2013 La imagen <strong>no muestra ni la parte superior de la cabeza ni los costados<\/strong>.<\/p>\n<p>\u2013 La figura humana, especialmente en el rostro, <strong>es de gran precisi\u00f3n anat\u00f3mica, sin distorsiones.<\/strong><\/p>\n<p>\u2013 <strong>Hay una perfecta correspondencia entre ambas caras de la imagen<\/strong>, indicando claramente que fue un cuerpo tridimensional el que estuvo envuelto en el lienzo.<\/p>\n<p>\u2013 <strong>Las manchas en la tela tienen el car\u00e1cter de un negativo fotogr\u00e1fico<\/strong>: solamente al hacer una foto en 1898 (Secondo Pia) se pudo apreciar verdaderamente la informaci\u00f3n all\u00ed contenida.<\/p>\n<p>\u2013 A diferencia de lo que ocurre en una fotograf\u00eda, sea en positivo o negativo, <strong>hay una correspondencia entre la intensidad de la imagen y la distancia l\u00f3gica entre un lienzo y un cuerpo cubierto por \u00e9l<\/strong>. Una funci\u00f3n matem\u00e1tica sencilla permite recuperar la tridimensionalidad.<\/p>\n<p>\u2013 <strong>Detalle del orden de mil\u00edmetros puede observarse con t\u00e9cnicas de realce de contraste<\/strong>.<\/p>\n<p>Esto es especialmente llamativo en el caso de <strong>una moneda sobre el p\u00e1rpado derecho.<\/strong><\/p>\n<div class=\"wp-caption aligncenter\"><img loading=\"lazy\" decoding=\"async\" src=\"http:\/\/farm7.staticflickr.com\/6037\/6378358315_66cc22a205.jpg\" alt=\"Cara del s\u00edndone en 3D\" width=\"500\" height=\"477\"><\/p>\n<p class=\"wp-caption-text\">Cara del s\u00edndone en 3D<\/p>\n<\/div>\n<p>\u2013 <strong>No hay pigmento alguno, aun bajo examen microsc\u00f3pico, ni en la superficie de las fibras de lino ni en su interior<\/strong>.<\/p>\n<p><strong>Tampoco hay fluorescencia<\/strong> que indique la existencia de sustancias extra\u00f1as al lienzo en las zonas de imagen.<\/p>\n<p>\u2013 <strong>No hay imagen bajo las costras de sangre<\/strong>: la imagen tiene que ser posterior a ellas.<\/p>\n<p>\u2013 <strong>Las manchas amarillentas tienen caracter\u00edsticas espectrales<\/strong> semejantes a las que muestran quemaduras que el lienzo sufri\u00f3 en el incendio de 1532.<\/p>\n<p>\u2013 Posiblemente significativo: <strong>parecen descubrirse huellas de dientes y estructuras \u00f3seas en la imagen del rostro y de las manos<\/strong>; en \u00e9stas, los huesos de los dedos contin\u00faan hasta el carpo.<\/p>\n<p>\u2013 <strong>La imagen no se vio afectada<\/strong> por la elevada temperatura ni por el agua en el incendio de 1532.<\/p>\n<div class=\"wp-caption aligncenter\"><img loading=\"lazy\" decoding=\"async\" src=\"http:\/\/farm7.staticflickr.com\/6104\/6378358945_95e77b9cb0.jpg\" alt=\"Catedral de Tur\u00edn\" width=\"500\" height=\"375\"><\/p>\n<p class=\"wp-caption-text\">Catedral de Tur\u00edn<\/p>\n<\/div>\n<p>&nbsp;<\/p>\n<h2><strong>ITINERARIO DE LA S\u00c1BANA SANTA<\/strong><\/h2>\n<p><strong>Cristo resucit\u00f3 en Jerusal\u00e9n.<\/strong> El Evangelio de San Juan dice:<\/p>\n<p><em>\u201cSe inclin\u00f3 (Juan) y vio las vendas en el suelo; pero no entr\u00f3.<\/em><\/p>\n<p><em>Llega tambi\u00e9n Sim\u00f3n Pedro sigui\u00e9ndole, entra en el sepulcro y ve las vendas en el suelo, y <strong>el sudario que cubri\u00f3 su cabeza, no junto a las vendas, sino plegado en un lugar apart<\/strong>e\u201d<\/em>. Juan 20:5-8.<\/p>\n<p class=\"importante\"><strong>Hay entonces dos sudarios: el grande que cubr\u00eda el cuerpo y otro que se pondr\u00eda sobre este y en el \u00e1rea de la cabeza.<br \/>\n.<br \/>\nEste segundo se encontrar\u00eda seg\u00fan la tradici\u00f3n en la Catedral de Oviedo.<\/strong><\/p>\n<p><strong>Pedro y Juan vieron \u201clas vendas\u201d<\/strong> cada uno por su parte y fue parte de aquella primera experiencia de conocer la verdad central de la salvaci\u00f3n y de la historia. \u00a1Cristo ha resucitado!.<\/p>\n<p>Lo mas probable es que hayan<strong> tomado esta reliquia con inmenso amor<\/strong> para mostr\u00e1rselas a los dem\u00e1s como la primera prueba de la resurrecci\u00f3n.<\/p>\n<p><strong>Desde entonces es l\u00f3gico que se guardase como la mayor reliquia de la cristiandad.<\/strong><\/p>\n<p><strong>Sobre como sigui\u00f3 su itinerario hay dos teor\u00edas.<\/strong><\/p>\n<p><strong>Una, que fueron los Templarios<\/strong> (organizaci\u00f3n muy prominente en Europa en esa \u00e9poca y que ten\u00eda gran inter\u00e9s en las reliquias).<\/p>\n<p>Los Templarios <strong>guardaban secretamente las reliquias<\/strong> solo para los iniciados entre ellos y por eso no ser\u00eda raro que la S\u00e1bana Santa \u201cdesapareciera\u201d.<\/p>\n<p><strong>La segunda teor\u00eda propone que la S\u00e1bana Santas pas\u00f3 por Grecia donde hab\u00edan comunidades latinas relacionadas con Charny la llevaron a esa ciudad.<\/strong><\/p>\n<p>Hay testimonios hist\u00f3ricos y de absoluta certeza que sit\u00faan a <strong>la S\u00e1bana Santa en Lirey (Francia) a mediados del siglo XIV.<\/strong><\/p>\n<p><strong>En 1453 la S\u00e1bana Santa fue cedida al ducado de Saboya en Chamb\u00e9ry, Francia<\/strong>.<\/p>\n<p><strong>En el a\u00f1o 1506, el Papa otorg\u00f3 a la S\u00e1bana Santa una fiesta especial, aprobando una liturgia para la Santa Misa y el Oficio Divino<\/strong>.<\/p>\n<p><strong>En el a\u00f1o 1532, sufri\u00f3 un fuego<\/strong> que le dej\u00f3 marcas permanentes pero milagrosamente no se lleg\u00f3 a perder.<\/p>\n<p><strong>Las hermanas Clarisas<\/strong> pusieron parches en las quemaduras en 1534. Al mismo tiempo se guarda el sudario entre dos pa\u00f1os de tela del mismo tama\u00f1o para protegerlo.<\/p>\n<p><strong>Dos a\u00f1os mas tard<\/strong>e se descubre que ambos recibieron milagrosamente la imagen del original.<\/p>\n<p><strong>Los Saboya, al trasladar su capital a Tur\u00edn en 1578, llevaron all\u00ed la S\u00e1bana Santa<\/strong>.<\/p>\n<p>Desde el a\u00f1o 1694, es custodiada (aparte de breves interrupciones) en la capilla que Guarino Gaurini construy\u00f3 entre la Catedral y Palacio Real de Tur\u00edn.<\/p>\n<p><strong>En 1898 es tomada la primera fotograf\u00eda por el abogado Secondo Pia<\/strong> entre el 25 y el 28 Mayo. Se inician los estudios cient\u00edficos.<\/p>\n<p><strong>Desde 1983, la S\u00e1bana Santa es propiedad de la Santa Sede, dejada en herencia por Humberto II de Saboya al Papa.<\/strong><\/p>\n<p><strong>En 1997 la S\u00e1bana otra vez escapa un incendio, esta vez, en la Catedral de Tur\u00edn.<\/strong><\/p>\n<p>El bombero Mario Trematore <strong>pudo quebrar con un hacha el vidrio antibalas que proteg\u00eda el Santo Lienzo<\/strong> y as\u00ed, rescatarlo.<\/p>\n<p><strong>\u00bfComo pudo romper el vidrio antibalas con un hacha?<\/strong> Mas tarde el bombero, que no era creyente, explic\u00f3 que lo pudo hacer porque recibi\u00f3 una fuerza especial de lo alto.<\/p>\n<p><strong>En 1998 se produce la exhibici\u00f3n del Sudario<\/strong>, 18 de Abril al 14 de Junio (para celebrar el centenario de la primera fotograf\u00eda)<\/p>\n<div class=\"wp-caption aligncenter\"><img loading=\"lazy\" decoding=\"async\" src=\"http:\/\/farm7.staticflickr.com\/6055\/6378357825_346efab9da.jpg\" alt=\"Las heridas en el s\u00edndone, en el frente y en la espalda\" width=\"500\" height=\"362\"><\/p>\n<p class=\"wp-caption-text\">Las heridas en el s\u00edndone, en el frente y en la espalda<\/p>\n<\/div>\n<p>&nbsp;<\/p>\n<h2><strong>ESTUDIOS CIENT\u00cdFICOS QUE DEMUESTRAN LA AUTENTICIDAD<\/strong><\/h2>\n<p><strong>No es un secreto que los enemigos de la fe se enfurecen contra las pruebas favorables a la autenticidad.<\/strong><\/p>\n<p>Y&nbsp;han creado numerosas publicaciones <strong>tratando de desacreditar<\/strong> con toda clase de mentiras la impecable evidencia que no pueden rebatir con la raz\u00f3n.<\/p>\n<p>Por ejemplo <strong>algunos siguen diciendo que la sangre no es mas que pintura medieval<\/strong>, que el rostro de Cristo est\u00e1 inspirado en las pinturas g\u00f3ticas, etc.<\/p>\n<p><strong>Una de ella es que la dataci\u00f3n con el carbono 14 difiere a la fecha de la crucifixi\u00f3n.<\/strong><\/p>\n<p><strong>Pero se descubri\u00f3 una fina pel\u00edcula de una bacteria que cubre todo el lienzo.<\/strong><\/p>\n<p>El doctor Garza-Vald\u00e9s descubri\u00f3 que<strong> esas bacterias distorsionan los resultados<\/strong>, hecho confirmado por el doctor Hary Gove, descubridor de la t\u00e9cnica del carbono 14. Por eso actualmente se est\u00e1 investigando una manera de separar esa pel\u00edcula de bacterias.<\/p>\n<p>La evidencia que demuestra la autenticidad es la que sigue.<\/p>\n<p><a class=\"magnific-popup image-link\" href=\"https:\/\/forosdelavirgen.org\/wp-content\/uploads\/2016\/03\/imagen-corregida-tridimensional-de-la-cara-de-jesus-segun-sabana-santa.jpg\" rel=\"prettyPhoto[gallery-0SSx]\"><img loading=\"lazy\" decoding=\"async\" class=\"aligncenter size-large wp-image-109616\" src=\"https:\/\/forosdelavirgen.org\/wp-content\/uploads\/2016\/03\/imagen-corregida-tridimensional-de-la-cara-de-jesus-segun-sabana-santa-500x316.jpg\" sizes=\"auto, (max-width: 500px) 100vw, 500px\" srcset=\"https:\/\/forosdelavirgen.org\/wp-content\/uploads\/2016\/03\/imagen-corregida-tridimensional-de-la-cara-de-jesus-segun-sabana-santa-500x316.jpg 500w, https:\/\/forosdelavirgen.org\/wp-content\/uploads\/2016\/03\/imagen-corregida-tridimensional-de-la-cara-de-jesus-segun-sabana-santa-250x158.jpg 250w, https:\/\/forosdelavirgen.org\/wp-content\/uploads\/2016\/03\/imagen-corregida-tridimensional-de-la-cara-de-jesus-segun-sabana-santa-768x486.jpg 768w, https:\/\/forosdelavirgen.org\/wp-content\/uploads\/2016\/03\/imagen-corregida-tridimensional-de-la-cara-de-jesus-segun-sabana-santa.jpg 1400w\" alt=\"imagen-corregida-tridimensional-de-la-cara-de-jesus-segun-sabana-santa\" width=\"500\" height=\"316\"><\/a><\/p>\n<p>&nbsp;<\/p>\n<h2 class=\"subtitulo\"><strong>La Sorpresa de la Fotograf\u00eda<\/strong><\/h2>\n<p><strong>El 28 de mayo de 1898, Secondo P\u00eda, al hacer las primeras fotograf\u00edas<\/strong> de la S\u00e1bana Santa tuvo una gran sorpresa en el cuarto oscuro.<\/p>\n<h2 class=\"importante\"><strong>La imagen en negativo apareci\u00f3 majestuosamente como una imagen en positivo con extraordinaria claridad y detalle.<\/strong><\/h2>\n<p>As\u00ed se dio cuenta de que<strong> la imagen representada en la tela constituye un aut\u00e9ntico negativo<\/strong>.<\/p>\n<p>Es evidente que <strong>un plagio medieval no pod\u00eda prever la fotograf\u00eda.<\/strong><\/p>\n<p><strong>Simplemente no se conoce en la historia de la iconograf\u00eda anterior al siglo XX, de ning\u00fan otro caso una imagen que sea un negativo.<\/strong><\/p>\n<p><a class=\"magnific-popup image-link\" href=\"https:\/\/forosdelavirgen.org\/wp-content\/uploads\/2016\/03\/ostensi%C3%B3n-antigua-de-la-sabana-santa-a-Maria-gabriela-de-saboia.jpg\" rel=\"prettyPhoto[gallery-0SSx]\"><img loading=\"lazy\" decoding=\"async\" class=\"aligncenter size-large wp-image-109617\" src=\"https:\/\/forosdelavirgen.org\/wp-content\/uploads\/2016\/03\/ostensi%C3%B3n-antigua-de-la-sabana-santa-a-Maria-gabriela-de-saboia-500x367.jpg\" sizes=\"auto, (max-width: 500px) 100vw, 500px\" srcset=\"https:\/\/forosdelavirgen.org\/wp-content\/uploads\/2016\/03\/ostensi\u00f3n-antigua-de-la-sabana-santa-a-Maria-gabriela-de-saboia-500x367.jpg 500w, https:\/\/forosdelavirgen.org\/wp-content\/uploads\/2016\/03\/ostensi\u00f3n-antigua-de-la-sabana-santa-a-Maria-gabriela-de-saboia-250x183.jpg 250w, https:\/\/forosdelavirgen.org\/wp-content\/uploads\/2016\/03\/ostensi\u00f3n-antigua-de-la-sabana-santa-a-Maria-gabriela-de-saboia-768x563.jpg 768w, https:\/\/forosdelavirgen.org\/wp-content\/uploads\/2016\/03\/ostensi\u00f3n-antigua-de-la-sabana-santa-a-Maria-gabriela-de-saboia.jpg 1400w\" alt=\"ostension-antigua-de-la-sabana-santa-a-maria-gabriela-de-saboia\" width=\"500\" height=\"367\"><\/a><\/p>\n<p>&nbsp;<\/p>\n<h2 class=\"subtitulo\"><strong>Cient\u00edficamente se ha podido comprobar:<\/strong><\/h2>\n<p>\u2022 Expertos de la NASA en 1977, utilizando un ordenador descubrieron que <strong><span class=\"resalte-amarillo\">la imagen tiene propiedades tridimensionales<\/span>, que no pertenecen ni a las pinturas ni a las fotograf\u00edas.<\/strong><\/p>\n<p><strong>En 1978 la Iglesia permiti\u00f3 a un equipo internacional<\/strong> de m\u00e1s de dos docenas de eminentes cient\u00edficos investigar el Lienzo.<\/p>\n<p><strong>Los an\u00e1lisis<\/strong> fueron extensos, envolviendo diversos m\u00e9todos desde rayos x, microscop\u00eda hasta an\u00e1lisis qu\u00edmicos.<\/p>\n<p>He aqu\u00ed algunos de los resultados m\u00e1s sorprendentes:<\/p>\n<p><strong>\u2022 Los estudios del tejido sit\u00faa su <span class=\"resalte-amarillo\">procedencia en el \u00e1rea sirio-palestina en el siglo I.<\/span><\/strong><\/p>\n<p><strong>En 1978, el bi\u00f3logo y crimin\u00f3logo suizo Max Frei Sulzer del Centro Internacional de Sindonolog\u00eda<\/strong>, tom\u00f3 muestras del polvo del S\u00e1bana y pudo comprobar la existencia de polen de flores de Palestina.<\/p>\n<p><strong>Tambi\u00e9n se ha encontrado \u00e1loe y mirra<\/strong> como la que utilizaban en el medio oriente los jud\u00edos para preparar los cad\u00e1veres.<\/p>\n<p><strong>Se han descubierto rastros de flores por todo el cuerpo<\/strong>, identificando hasta 25 variedades, que florec\u00edan en abril.<\/p>\n<p><strong>Una de las plantas, s\u00f3lo crece en un punto del mundo: cerca de Jerusal\u00e9n,<\/strong> como afirma sin dudar un experto bot\u00e1nico de la universidad Hebrea.<\/p>\n<p><strong>Tambi\u00e9n se han descubierto 58 tipos polen<\/strong>, identificando cada planta mediante las t\u00e9cnicas avanzadas actuales. 28 de esos tipos de polen s\u00f3lo existen en Oriente Medio, indicando que la S\u00e1bana pas\u00f3 una buena parte del tiempo all\u00ed.<\/p>\n<p>La fagonia mollis, <strong>se observa cerca de la cabeza del hombre<\/strong> del lienzo. Esa planta es conocida sobre todo por la gran cantidad de espinas que tiene.<\/p>\n<p>Todos estos datos y m\u00e1s, indican que <strong>la S\u00e1bana procede del siglo I en Palestina.<\/strong><\/p>\n<p><strong>El falsificador medieval hubiera tenido que adelantarse a la invenci\u00f3n del microscopio<\/strong> para a\u00f1adir elementos invisibles al ojo humano: polen, tierra, suero, aromas para la sepultura\u2026<\/p>\n<p><strong>\u2022 Sobre los ojos <span class=\"resalte-amarillo\">hay huellas de monedas acu\u00f1adas en el a\u00f1o 29 D.C. bajo Poncio Pilato.<\/span><\/strong><\/p>\n<p>Esto corresponde a la costumbre de la \u00e9poca de Jes\u00fas de poner las monedas para mantener los p\u00e1rpados cerrados. Fueron descubiertas en 1954 y en 1978 reconocidas en mayor detalle.<\/p>\n<p><strong>\u2022 Los an\u00e1lisis de las huellas de sangre, hechos en el 1978 por Pierluigi Baima Bollone y otros,<span class=\"resalte-amarillo\">han indicado la presencia de sangre humana, del tipo AB.<\/span><\/strong><\/p>\n<p>Estudios del grupo STURP us\u00f3 espectroscopia, florescencia de rayos x y rayos ultravioletas, termograf\u00eda y radiograf\u00eda y otros mecanismos sofisticados para comprobar la presencia de la sangre.<\/p>\n<p><strong>\u2022 La sangre es <span class=\"resalte-amarillo\">sangre de un hombre que padeci\u00f3 una muerte traum\u00e1tica<\/span><\/strong>&nbsp;asegura el qu\u00edmico Alan Adler quien adem\u00e1s asegura que tanto los an\u00e1lisis qu\u00edmicos como la florescencia amarillo-verdosa visible bajo luz fluorescente, indican la presencia de flujos de sangre.<\/p>\n<p><strong>Esta sustancia era desconocida hasta el siglo XX<\/strong>, por lo que no puede ser la obra de un artista medieval.<\/p>\n<p>Adler piensa que <strong>la imagen fue producida por alg\u00fan proceso de radiaci\u00f3n<\/strong>.<\/p>\n<div class=\"wp-caption aligncenter\"><img loading=\"lazy\" decoding=\"async\" src=\"http:\/\/farm7.staticflickr.com\/6044\/6378359281_ffbd36b70c.jpg\" alt=\"Trabajando en el s\u00edndone\" width=\"500\" height=\"356\"><\/p>\n<p class=\"wp-caption-text\">Trabajando en el s\u00edndone<\/p>\n<\/div>\n<p><strong>\u2022 La Imagen: <span class=\"resalte-amarillo\">No existen indicios del uso de brochas en la imagen<\/span><\/strong><span class=\"resalte-amarillo\">.<\/span><\/p>\n<p>No se utiliz\u00f3 ninguno de los m\u00e9todos art\u00edsticos conocidos para hacer la imagen. La imagen<strong> tiene solo una fibra de profundidad.<\/strong><\/p>\n<p><strong>\u2022 El mismo grupo de cient\u00edficos de STURP, comprobaron la <span class=\"resalte-amarillo\">absoluta ausencia de pigmentos<\/span>, tintas u otros medios de pintura en la S\u00e1bana Santa<\/strong>.<\/p>\n<p><strong>No hay imagen del cuerpo bajo las manchas de sangre. Por lo tanto, la imagen se form\u00f3 despu\u00e9s de las manchas de sangre.<\/strong><\/p>\n<p><strong>La imagen del cuerpo del Hombre de la S\u00e1bana no est\u00e1 hecha manualmente<\/strong>: no es una pintura, ni una quemadura (las quemaduras existentes no son parte de la imagen sino que fueron causadas por un incendio en 1532).<\/p>\n<p>El origen de la misma es un enigma cient\u00edfico que todav\u00eda no se ha resuelto. <strong>No se conocen los mecanismos f\u00edsico-qu\u00edmicos que han producido esta oxidaci\u00f3n y deshidrataci\u00f3n de las fibras m\u00e1s superficiales del tejido.<\/strong><\/p>\n<p><strong>La imagen es el resultado de deshidrataci\u00f3n y oxidaci\u00f3n de la celulosa<\/strong> contenida en las fibras en la superficie de la tela. Pero como se form\u00f3 es aun un misterio.<\/p>\n<p><strong>\u2022 <span class=\"resalte-amarillo\">Desde el campo de la medicina<\/span>: La imagen que aparece en negativo permite un minucioso estudios anat\u00f3mico y de las diferentes heridas que aparecen en le cuerpo.<\/strong><\/p>\n<p><strong>El primer cirujano que comprob\u00f3 la absoluta exactitud anat\u00f3mica de esas heridas<\/strong> fue el profesor de Anatom\u00eda Comparada de la Sorbona, Yves Delage, de la Academia de Ciencias de Par\u00eds.<\/p>\n<p><strong>Este profesor era agn\u00f3stico, sin embargo no le qued\u00f3 la menor duda<\/strong> de que solo un hombre que hubiera padecido los tormentos f\u00edsicos de Jes\u00fas podr\u00eda haber dejado tales huellas.<\/p>\n<p><strong>Una multitud de m\u00e9dicos han podido confirmar los hallazgo<\/strong>s del Doctor Delage. Pierre Barbet (cirujano del Hospital de S. Jos\u00e9 de Par\u00eds), Giovanni Judica Cordiglia (profesor de Medicina Legal de la universidad de Mil\u00e1n), Dr. Roberto Bucklin (medico forense, pat\u00f3logo del Hospital de los Angeles, California), el Dr. Rudolf W: Hynek (de la Academia de medicina de Praga)\u2026<\/p>\n<p><strong>Todos coinciden en afirmar que la representaci\u00f3n de las heridas es anat\u00f3micamente perfecta<\/strong>y con detalles desconocidos en la Edad Media.<\/p>\n<p><strong>Por ejemplo, el halo de suero alrededor de las manchas de sangre<\/strong> -no visible a simple vista; salpicaduras y sinuosidades de los regueros sangu\u00edneos, el hinchaz\u00f3n del abdomen -t\u00edpico de la asfixia- etc\u2026<\/p>\n<p><strong>\u2022 La S\u00e1bana Santa <span class=\"resalte-amarillo\">revela datos desconocidos en tiempos medievales<\/span><\/strong><span class=\"resalte-amarillo\">.<\/span><\/p>\n<p><strong>En el siglo XIV<\/strong>, la iconograf\u00eda ten\u00eda un \u00ednfimo desarrollo del realismo anat\u00f3mico. Adem\u00e1s todas las im\u00e1genes de la \u00e9poca demuestran que se desconoc\u00edan los elementos hist\u00f3ricos y arqueol\u00f3gicos sobre la flagelaci\u00f3n y la crucifixi\u00f3n seg\u00fan se hac\u00eda en el siglo I.<\/p>\n<p><strong>Sin embargo se ha podido demostrar que el S\u00e1bana Santa no sigue la iconograf\u00eda medieval<\/strong>sino que muestra estos elementos con suma precisi\u00f3n tal como corresponden al tiempo de Cristo.<\/p>\n<div class=\"wp-caption aligncenter\"><img loading=\"lazy\" decoding=\"async\" src=\"http:\/\/farm7.staticflickr.com\/6106\/6378357505_54074fc816.jpg\" alt=\"Detalle de la cara mostrada horizontalmente\" width=\"500\" height=\"346\"><\/p>\n<p class=\"wp-caption-text\">Detalle de la cara mostrada horizontalmente<\/p>\n<\/div>\n<p>Por ejemplo, que <strong>Cristo no carg\u00f3 con toda la cruz, sino s\u00f3lo con el madero horizontal (\u00abpatibulum\u00bb) y que no lo clavaron por las palmas y sino por las mu\u00f1ecas<\/strong>.<\/p>\n<p><strong>Estudios han demostrado<\/strong> que un cuerpo colgado por las palmas se desgarrar\u00eda mientras que uno clavado por las mu\u00f1ecas se sostiene.<\/p>\n<p>Mientras que en tiempos medievales representaban la corona de espinas en forma de aro horizontal sobre la frente, <strong>la S\u00e1bana Santa revela que las espinas fueron impuestas en forma de casco<\/strong>.<\/p>\n<p><strong>\u2022 Para lograr una semblanza perfecta, como la impresa en el lienzo, en caso de que la S\u00e1bana Santa fuera medieval, <span class=\"resalte-amarillo\">se requerir\u00eda que se martirizara a una v\u00edctima<\/span><\/strong>, la sometiera en vida a setecientas heridas y que una vez muerta, le traspasaran el coraz\u00f3n con una lanza.<\/p>\n<p><strong>\u2022 Pero adem\u00e1s se requerir\u00eda que la v\u00edctima tuviera un <span class=\"resalte-amarillo\">rostro perfectamente af\u00edn con las decenas de iconos de Cristo<\/span> difundidos en el arte bizantino desde el siglo VI.<\/strong><\/p>\n<p><strong>La afinidad del rostro de la S\u00e1bana Santa y los antiguos iconos<\/strong> ha sido documentada por Giovanni Tamburelli en el a\u00f1o 1989.<\/p>\n<p>Quien encontr\u00f3 muchos puntos de congruencia de tal manera que habr\u00eda que pensar que <strong>la faz del lienzo fue el prototipo para la iconograf\u00eda cristiana primitiva<\/strong>&nbsp;en cuanto a las caracter\u00edsticas del rostro. Ya hemos visto que no pudieron copiar los detalles anat\u00f3micos.<\/p>\n<p><strong>\u2022 El tejido del lienzo, <span class=\"resalte-amarillo\">envolvi\u00f3 un aut\u00e9ntico cad\u00e1ver durante un per\u00edodo de 30 a 36 horas<\/span><\/strong>, como lo demuestran las setecientas heridas peque\u00f1as y grandes calcadas sobre el lino por contacto.<\/p>\n<p>Ex\u00e1menes minuciosos conducidos por m\u00e9dicos han asegurado adem\u00e1s que se trata de <strong>una perfecta imagen de un cuerpo humano, torturado por la corona de espinas, azotes, la cruz, traspasado por la lanza\u2026<\/strong><\/p>\n<p><strong>Los efectos naturales de esos tormentos sobre un cuerpo humano est\u00e1n claramente manifiestos<\/strong> de tal forma que ser\u00eda imposible de imitar y menos sin las t\u00e9cnicas modernas.<\/p>\n<div class=\"wp-caption aligncenter\"><img loading=\"lazy\" decoding=\"async\" src=\"http:\/\/farm7.staticflickr.com\/6091\/6378358115_52233065f8.jpg\" alt=\"Detalle de la cara mostrada horizontalmente\" width=\"500\" height=\"406\"><\/p>\n<p class=\"wp-caption-text\">Detalle de la cara mostrada horizontalmente<\/p>\n<\/div>\n<div class=\"wp-caption aligncenter\"><img loading=\"lazy\" decoding=\"async\" src=\"http:\/\/farm7.staticflickr.com\/6048\/6378357683_64e5ac8ced.jpg\" alt=\"Imagen en positivo con detalle del clavo en la mu\u00f1eca\" width=\"500\" height=\"282\"><\/p>\n<p class=\"wp-caption-text\">Imagen en positivo con detalle del clavo en la mu\u00f1eca<\/p>\n<\/div>\n<p>&nbsp;<\/p>\n<h2><strong>COMO SE HABR\u00cdA FORMADO LA IMAGEN<\/strong><\/h2>\n<p><strong>Ser\u00e1 necesario acudir a fen\u00f3menos desconocidos, no reproducibles a voluntad<\/strong>, en los cuales el cad\u00e1ver tiene un efecto directo sobre el lienzo:<\/p>\n<p>\u2013 <strong>Por alg\u00fan tipo de radiaci\u00f3n corpuscular o electromagn\u00e9tica<\/strong>, actuando sin contacto.<\/p>\n<p>\u2013 <strong>Por contacto simult\u00e1neo o sucesivo acompa\u00f1ado de alg\u00fan tipo de energ\u00eda calor\u00edfica<\/strong> o de efecto equivalente para alterar la celulosa del lino.<\/p>\n<p>En estos dos casos, <strong>la causa del fen\u00f3meno ser\u00eda algo inesperado desde el punto de vista cient\u00edfico<\/strong>, pues no hay raz\u00f3n plausible de atribuir a un cad\u00e1ver humano la capacidad de producir tales efectos.<\/p>\n<p>Si aqu\u00ed <strong>la l\u00f3gica nos obliga a descartar las hip\u00f3tesis de orden artificial o natural,<\/strong> tendremos que aceptar alg\u00fan tipo de intervenci\u00f3n sobrenatural.<\/p>\n<p>Aun en este caso, puede ser \u00fatil el intentar descubrir indicios de c\u00f3mo podr\u00eda haber sido concretamente el proceso que dio lugar a las caracter\u00edsticas observables en el lienzo.<\/p>\n<p><strong>La radiaci\u00f3n sobrenatural del momento de la resurrecci\u00f3n puede ser la causa misteriosa de la impresi\u00f3n de la imagen del cuerpo en el lienzo<\/strong>.<\/p>\n<p>En ese caso se trata de la verdadera imagen de Cristo en el momento preciso que su cuerpo va a resucitar.<\/p>\n<p>Semejante radiaci\u00f3n explicar\u00eda la dificultad de los cient\u00edficos en descubrir su origen, ya que se trata de algo sobrenatural.<\/p>\n<p><strong>Y entramos en la f\u00edsica cu\u00e1ntica. Esa imagen es tridimensional, inimaginable si fuera una falsificaci\u00f3n.<\/strong><\/p>\n<p><strong>La imagen ser\u00eda como una placa de rayos X que reflejan las estructuras internas del cuerpo.<\/strong><\/p>\n<h2 class=\"importante\"><strong>El cuerpo pas\u00f3 de un medio a otro, dejando un retroceso de part\u00edculas tras de s\u00ed, que marcaron la imagen de la s\u00e1bana.<\/strong><br \/>\n<strong>.<\/strong><br \/>\n<strong>De la misma forma que cuando alguien se echa a una piscina, que pasa de un medio de aire a otro de agua.<\/strong><\/h2>\n<p>Dos catedr\u00e1ticos del Centro Espa\u00f1ol de Sindonolog\u00eda, hallaron en la S\u00e1bana Santa de Tur\u00edn<strong>huellas de las v\u00e9rtebras del cuerpo que envolv\u00eda y que quedaron marcadas en la tela.<\/strong><\/p>\n<p>Lo que confirmar\u00eda la teor\u00eda de que ocurri\u00f3 una misteriosa explosi\u00f3n en el momento de la resurrecci\u00f3n.<\/p>\n<p><a class=\"magnific-popup image-link\" href=\"https:\/\/forosdelavirgen.org\/wp-content\/uploads\/2016\/03\/papa-francisco-contempla-la-sabana-santa.jpg\" rel=\"prettyPhoto[gallery-0SSx]\"><img loading=\"lazy\" decoding=\"async\" class=\"aligncenter size-large wp-image-109618\" src=\"https:\/\/forosdelavirgen.org\/wp-content\/uploads\/2016\/03\/papa-francisco-contempla-la-sabana-santa-500x348.jpg\" sizes=\"auto, (max-width: 500px) 100vw, 500px\" srcset=\"https:\/\/forosdelavirgen.org\/wp-content\/uploads\/2016\/03\/papa-francisco-contempla-la-sabana-santa-500x348.jpg 500w, https:\/\/forosdelavirgen.org\/wp-content\/uploads\/2016\/03\/papa-francisco-contempla-la-sabana-santa-250x174.jpg 250w, https:\/\/forosdelavirgen.org\/wp-content\/uploads\/2016\/03\/papa-francisco-contempla-la-sabana-santa-768x534.jpg 768w, https:\/\/forosdelavirgen.org\/wp-content\/uploads\/2016\/03\/papa-francisco-contempla-la-sabana-santa.jpg 1400w\" alt=\"papa-francisco-contempla-la-sabana-santa\" width=\"500\" height=\"348\"><\/a><\/p>\n<p>&nbsp;<\/p>\n<h2 class=\"subtitulo\"><strong>LA HIP\u00d3TESIS DE LA FORMACI\u00d3N DE LA IMAGEN POR RADIACI\u00d3N<\/strong><\/h2>\n<p><strong>Giulio Fanti<\/strong>, profesor de Medidas mec\u00e1nicas y T\u00e9rmicas del Departamento de Ingenier\u00eda Industrial de la Universidad de Padua, <strong>desde hace muchos a\u00f1os est\u00e1 desarrollando una investigaci\u00f3n sobre el Sudario<\/strong>.<\/p>\n<p>El cient\u00edfico ha presentado los resultados de su libro <strong><a href=\"http:\/\/www.ingentaconnect.com\/content\/ist\/jist\/2010\/00000054\/00000002\/art00010\">\u00bfPuede una descarga de corona Explicar el Cuerpo Imagen de la S\u00e1bana Santa de Tur\u00edn?<\/a><\/strong><\/p>\n<p>\u00c9l ha dicho:<\/p>\n<p><em>\u201cHasta ahora, han sido examinadas muchas hip\u00f3tesis interesantes, pero <strong>ninguna de ellas puede explicar completamente la misteriosa imagen<\/strong>.<\/em><\/p>\n<p><strong><em>Ninguna de las reproducciones llevadas a cabo, ninguna de las copias fabricadas<\/em><\/strong><em> logra ofrecer caracter\u00edsticas semejantes a las de la tela sind\u00f3nica\u201d.<\/em><\/p>\n<p>Fanti cita las hip\u00f3tesis de otros analistas y describe los resultados de un estudio anterior de ENEA, que ha usado el l\u00e1ser excimer.<\/p>\n<h2 class=\"importante\"><em>\u201c<strong>La hip\u00f3tesis de la radiaci\u00f3n permite acercarse mucho m\u00e1s a las caracter\u00edsticas particulares de la imagen<\/strong> <strong>sind\u00f3nica, pero presenta todav\u00eda un serio problema.<\/strong><\/em><\/h2>\n<p><strong><em>Se pueden reproducir tan solo peque\u00f1as porciones de imagen de alrededor de un cent\u00edmetro cuadrado del tejido<\/em><\/strong><em>, porque, de otra forma, <strong>se necesitar\u00edan energ\u00edas que no se encuentran disponibles en los laboratorios<\/strong>\u201d.<\/em><\/p>\n<p><strong>Los experimentos que Fanti <\/strong>llev\u00f3 a cabo en Padua, en colaboraci\u00f3n con el profesor Giancarlo Pesavento, exigieron<em>:<\/em><\/p>\n<h2 class=\"importante-extra\"><em>\u201c<strong>tensiones el\u00e9ctricas de alrededor de 500.000 volts<\/strong> <strong>para obtener im\u00e1genes semejantes y de pocos cent\u00edmetros de extensi\u00f3n\u201d.<\/strong><\/em><\/h2>\n<p>Y, entre las <strong>hip\u00f3tesis de radiaci\u00f3n<\/strong>,<\/p>\n<p><em>\u201c<strong>solo la que se basa en el efecto corona (descarga el\u00e9ctrica particular) satisface todas las&nbsp;caracter\u00edsticas<\/strong> peculiares de la imagen corp\u00f3rea del Sudario\u201d<\/em><\/p>\n<p>Aunque <strong>para haber obtenido una figura tan grande<\/strong> como la que se encuentra en la tela turinesa, concluye el autor,<\/p>\n<p><em>\u201c<strong>habr\u00edan sido necesarias tensiones de hasta decenas de millones de volts<\/strong>. O bien, saliendo del campo cient\u00edfico, un fen\u00f3meno relacionado con la resurrecci\u00f3n\u201d.<\/em><\/p>\n<p><a class=\"magnific-popup image-link\" href=\"https:\/\/forosdelavirgen.org\/wp-content\/uploads\/2015\/04\/la-sabana-santa-exposicion.jpg\" rel=\"prettyPhoto[gallery-0SSx]\"><img loading=\"lazy\" decoding=\"async\" class=\"aligncenter size-large wp-image-91200\" src=\"https:\/\/forosdelavirgen.org\/wp-content\/uploads\/2015\/04\/la-sabana-santa-exposicion-500x313.jpg\" sizes=\"auto, (max-width: 500px) 100vw, 500px\" srcset=\"https:\/\/forosdelavirgen.org\/wp-content\/uploads\/2015\/04\/la-sabana-santa-exposicion-500x313.jpg 500w, https:\/\/forosdelavirgen.org\/wp-content\/uploads\/2015\/04\/la-sabana-santa-exposicion-250x156.jpg 250w, https:\/\/forosdelavirgen.org\/wp-content\/uploads\/2015\/04\/la-sabana-santa-exposicion.jpg 1600w\" alt=\"la-sabana-santa-exposicion\" width=\"500\" height=\"313\"><\/a><\/p>\n<p><a href=\"http:\/\/opac.bologna.enea.it:8991\/RT\/2011\/2011_14_ENEA.pdf\">El estudio que cita Fanti de la ENEA<\/a>, la Agencia Nacional para las Nuevas Tecnolog\u00edas, la Energ\u00eda y el Desarrollo Econ\u00f3mico Sostenible, de Italia, dur\u00f3 cinco a\u00f1os y hab\u00eda tratado de<\/p>\n<p><em>\u201cconocer los <strong>procesos f\u00edsicos y qu\u00edmicos que pueden generar una coloraci\u00f3n similar a la de la imagen de la S\u00e1bana Santa<\/strong>\u201d.<\/em><\/p>\n<p>Una de las hip\u00f3tesis sobre la formaci\u00f3n de la imagen fue la de <strong>una forma de energ\u00eda electromagn\u00e9tica, por ejemplo un destello de luz de poca longitud de onda.<\/strong><\/p>\n<p>Que podr\u00eda tener los requisitos adecuados para <strong>reproducir las principales caracter\u00edsticas de la imagen del Santo Sudario<\/strong>.<\/p>\n<p>Como la <strong>superficialidad de la coloraci\u00f3n<\/strong>, el esfumado del color, la reproducci\u00f3n de zonas del cuerpo que no estaban en contacto directo con la tela y la ausencia de pigmentos en el tejido.<\/p>\n<p>Los resultados del ENEA<\/p>\n<h2 class=\"importante\"><strong><em>\u201cDemuestran que un breve e intenso destello de radiaciones UV direccionales puede colorar un tejido en modo de reproducir muchas de las peculiares caracter\u00edsticas de la imagen del cuerpo de la S\u00e1bana Santa de Tur\u00edn.<\/em><\/strong><\/h2>\n<p><strong><em>Incluidas la tonalidad de color, la coloraci\u00f3n superficial de las fibrillas<\/em><\/strong><em> m\u00e1s externas de la trama de lino, la usencia de fluorescencia\u201d.<\/em><\/p>\n<p>Sin embargo, advert\u00edan ya los cient\u00edficos del ENEA,<\/p>\n<h2 class=\"importante-extra\"><strong><em>\u201cHay que subrayar que la potencia total de&nbsp;la radiaci\u00f3n UV necesaria para colorar de manera instant\u00e1nea la superficie de un lino que corresponda a un cuerpo humano de estatura media, equivale a 2000 MW\/cm2&nbsp;es decir, 34.000 miles de millones de vatios para 17000 cm2.<\/em><\/strong><\/h2>\n<p><em>Lo cual hace que hoy sea pr\u00e1cticamente <strong>irrealizable la reproducci\u00f3n de la totalidad de la imagen del sudario&nbsp;usando un s\u00f3lo l\u00e1ser excimer<\/strong>, ya que esta potencia no puede ser creada por ninguna otra fuente de luz UV construida hasta hoy (las m\u00e1s potentes que se pueden encontrar en el mercado llegan a algunos miles de millones de Watt)\u201d.<\/em><\/p>\n<p>Y aun as\u00ed permanec\u00edan cosas sin resolver<\/p>\n<p><em>\u201cla imagen de la S\u00e1bana Santa presenta <strong>algunas caracter\u00edsticas que no hemos conseguido todav\u00eda reproducir por ejemplo el difuminado de la imagen<\/strong> debido a una diversa concentraci\u00f3n de fibrillas en color amarillo que se alternan con fibras sin color\u201c.<\/em><\/p>\n<p>Pero recientemente se hizo un <strong>descubrimiento que apoya esta l\u00ednea de pensamiento.<\/strong><\/p>\n<div id=\"attachment_109619\" class=\"wp-caption aligncenter\"><a class=\"magnific-popup image-link\" href=\"https:\/\/forosdelavirgen.org\/wp-content\/uploads\/2016\/03\/trabajo-de-restauracion-de-la-tumba-de-jesus-en-el-santo-sepulcro.jpg\" rel=\"prettyPhoto[gallery-0SSx]\"><img loading=\"lazy\" decoding=\"async\" class=\"wp-image-109619 size-large\" src=\"https:\/\/forosdelavirgen.org\/wp-content\/uploads\/2016\/03\/trabajo-de-restauracion-de-la-tumba-de-jesus-en-el-santo-sepulcro-500x334.jpg\" sizes=\"auto, (max-width: 500px) 100vw, 500px\" srcset=\"https:\/\/forosdelavirgen.org\/wp-content\/uploads\/2016\/03\/trabajo-de-restauracion-de-la-tumba-de-jesus-en-el-santo-sepulcro-500x334.jpg 500w, https:\/\/forosdelavirgen.org\/wp-content\/uploads\/2016\/03\/trabajo-de-restauracion-de-la-tumba-de-jesus-en-el-santo-sepulcro-250x167.jpg 250w, https:\/\/forosdelavirgen.org\/wp-content\/uploads\/2016\/03\/trabajo-de-restauracion-de-la-tumba-de-jesus-en-el-santo-sepulcro-768x512.jpg 768w, https:\/\/forosdelavirgen.org\/wp-content\/uploads\/2016\/03\/trabajo-de-restauracion-de-la-tumba-de-jesus-en-el-santo-sepulcro.jpg 1400w\" alt=\"trabajo-de-restauracion-de-la-tumba-de-jesus-en-el-santo-sepulcro\" width=\"500\" height=\"334\"><\/a><\/p>\n<p class=\"wp-caption-text\">Trabajo de restauraci\u00f3n del Santo Sepulcro<\/p>\n<\/div>\n<p>&nbsp;<\/p>\n<h2 class=\"subtitulo\"><strong>ASOMBROSO DESCUBRIMIENTO EN LA TUMBA DE CRISTO APOYA A LA S\u00c1BANA SANTA DE TUR\u00cdN<\/strong><\/h2>\n<p>Un sorprendente descubrimiento ha sido realizado durante los <strong>trabajos de reparaci\u00f3n del Ed\u00edculo<\/strong> \u2013 la antigua c\u00e1mara que aloja <strong>la tumba de Jes\u00fas en la Iglesia del Santo Sepulcro de Jerusal\u00e9n.<\/strong><\/p>\n<p>Los cient\u00edficos han informado <strong>un extraordinario fen\u00f3meno<\/strong> que pueden apoyar la autenticidad de la S\u00e1bana Santa de Tur\u00edn y la forma en que se hubo impreso.<\/p>\n<p><strong>Del 26 al 28 de octubre de 2016, un grupo de cient\u00edficos y autoridades religiosas supervis\u00f3 la retirada de la placa de m\u00e1rmol que cubre la tumba de Cristo.<\/strong><\/p>\n<p>Marie-Armelle Beaulieu, editor en jefe de la revista Terre Sainte, informa que <strong>algunos de los instrumentos de medici\u00f3n utilizados por los cient\u00edficos fueron alterados por las perturbaciones electromagn\u00e9ticas cuando fueron colocados directamente sobre la piedra en la que descansaba el cuerpo de Cristo.<\/strong><\/p>\n<h2 class=\"importante\"><a href=\"http:\/\/aleteia.org\/2016\/11\/15\/mysteries-surround-the-opening-of-the-tomb-of-christ\/\"><strong>Los cient\u00edficos informaron<\/strong><\/a><strong> que sus dispositivos de medici\u00f3n comenzaron a funcionar incorrectamente o dejaron de trabajar en absoluto.<\/strong><\/h2>\n<p><a href=\"http:\/\/aleteia.org\/2016\/11\/15\/mysteries-surround-the-opening-of-the-tomb-of-christ\/\">Aleteia<\/a> informa que el fen\u00f3meno fue <strong>confirmado por uno de los cient\u00edficos autorizados para acceder a la tumba<\/strong>.<\/p>\n<p>Por otra parte, periodistas presentes dan fe de <strong>la sorpresa de los cient\u00edficos durante la apertura de la losa.<\/strong><\/p>\n<p><strong>Esperaban que la tumba fuera mucho menor de lo que era.<\/strong><\/p>\n<p>Su conclusi\u00f3n es que <strong>los an\u00e1lisis realizados previamente con los instrumentos parecen haber sido distorsionados por una perturbaci\u00f3n electromagn\u00e9tica<\/strong>.<\/p>\n<p><strong>La observaci\u00f3n de las perturbaciones electromagn\u00e9ticas inusuales en la tumba de Nuestro Se\u00f1or<\/strong> puede apoyar las hip\u00f3tesis cient\u00edficas propuestas para explicar la creaci\u00f3n de la misteriosa imagen de la S\u00e1bana Santa de Tur\u00edn.<\/p>\n<h2 class=\"importante-extra\"><strong>Los fen\u00f3menos electromagn\u00e9ticos observados en el lugar de la tumba de 2000 a\u00f1os de Cristo despu\u00e9s de la resurrecci\u00f3n podr\u00edan ser las secuelas del evento que cre\u00f3 la imagen de la S\u00e1bana.<\/strong><\/h2>\n<p>Esto <strong>apoyar\u00eda las hip\u00f3tesis de Fanti y de la ENEA que vimos antes.<\/strong><\/p>\n<p>\u00bfPero c\u00f3mo se produjo esta carga electromagn\u00e9tica que a\u00fan sobrevive, aunque disminuida?<\/p>\n<div id=\"attachment_109615\" class=\"wp-caption aligncenter\"><a class=\"magnific-popup image-link\" href=\"https:\/\/forosdelavirgen.org\/wp-content\/uploads\/2016\/03\/Tumba-de-Jesus-abierta-en-octubre-2016.jpg\" rel=\"prettyPhoto[gallery-0SSx]\"><img loading=\"lazy\" decoding=\"async\" class=\"wp-image-109615 size-large\" src=\"https:\/\/forosdelavirgen.org\/wp-content\/uploads\/2016\/03\/Tumba-de-Jesus-abierta-en-octubre-2016-500x368.jpg\" sizes=\"auto, (max-width: 500px) 100vw, 500px\" srcset=\"https:\/\/forosdelavirgen.org\/wp-content\/uploads\/2016\/03\/Tumba-de-Jesus-abierta-en-octubre-2016-500x368.jpg 500w, https:\/\/forosdelavirgen.org\/wp-content\/uploads\/2016\/03\/Tumba-de-Jesus-abierta-en-octubre-2016-250x184.jpg 250w, https:\/\/forosdelavirgen.org\/wp-content\/uploads\/2016\/03\/Tumba-de-Jesus-abierta-en-octubre-2016-768x565.jpg 768w, https:\/\/forosdelavirgen.org\/wp-content\/uploads\/2016\/03\/Tumba-de-Jesus-abierta-en-octubre-2016.jpg 1400w\" alt=\"tumba-de-jesus-abierta-en-octubre-2016\" width=\"500\" height=\"368\"><\/a><\/p>\n<p class=\"wp-caption-text\">Tumba de Jes\u00fas abierta durante el trabajo de restauraci\u00f3n de octubre de 2016<\/p>\n<\/div>\n<p>&nbsp;<\/p>\n<h2 class=\"subtitulo\"><strong>HIP\u00d3TESIS DE UN TERREMOTO<\/strong><\/h2>\n<h2 class=\"importante\"><strong>Al respecto <a href=\"http:\/\/www.springer.com\/about+springer\/media\/springer+select?SGWID=0-11001-6-1454151-0\">se ha publicado en la revista \u201cMeccanica\u201d<\/a>, una investigaci\u00f3n del Instituto Polit\u00e9cnico de Tur\u00edn, Italia, con&nbsp;la tesis que un fuerte terremoto de 8,2 en la escala de Richter, ocurri\u00f3 el 33d.C &nbsp;y pudo haber causado una reacci\u00f3n at\u00f3mica que fue responsable de la imagen que se ve en el sudario.<\/strong><\/h2>\n<p><strong>\u00bfEsto va en el mismo sentido de las hip\u00f3tesis de Fanti y del ENEA?<\/strong><\/p>\n<p>El asunto es muy controvertido, pero el equipo italiano cree que <strong>las ondas de presi\u00f3n de alta frecuencia generadas en la corteza terrestre durante los terremotos son la fuente de esas emisiones de neutrones<\/strong>.<\/p>\n<p>El sismo que ocurri\u00f3 en Jerusal\u00e9n habr\u00eda sido lo <strong>suficientemente fuerte como para liberar part\u00edculas de neutrones<\/strong>.<\/p>\n<p>Para probar su teor\u00eda, los investigadores llevaron a cabo <strong>una simulaci\u00f3n del terremoto, aplastando muestras de rocas fr\u00e1giles<\/strong>.<\/p>\n<p>Esas emisiones de neutrones <strong>pueden haber generado un efecto similar al de rayos X en tela de lino, debido a las reacciones con n\u00facleos de nitr\u00f3geno.<\/strong><\/p>\n<h2 class=\"importante-extra\"><strong>De acuerdo con los cient\u00edficos del Instituto Polit\u00e9cnico, esta radiaci\u00f3n puede haber confundido los tests de carbono realizados en 1988 afectando la lectura de la dataci\u00f3n.<\/strong><\/h2>\n<p><em>\u201cCreemos que es posible que la emisi\u00f3n de neutrones generados por el terremoto <strong>hayan inducido la imagen en las fibras de lino del sudario, a trav\u00e9s de la captura de neutrones t\u00e9rmicos en n\u00facleos de nitr\u00f3geno.&nbsp;<\/strong><\/em><\/p>\n<p><em><strong>Tambi\u00e9n podr\u00eda haber provocado una alteraci\u00f3n en los niveles de carbono<\/strong>\u201d<\/em>, explica Alberto Carpinteri, uno de los autores del estudio.<\/p>\n<div id=\"attachment_113042\" class=\"wp-caption aligncenter\"><a class=\"magnific-popup image-link\" href=\"https:\/\/forosdelavirgen.org\/wp-content\/uploads\/2016\/12\/investigadores-de-la-sabana-santa-en-la-universidad-de-murcia.jpg\" rel=\"prettyPhoto[gallery-0SSx]\"><img loading=\"lazy\" decoding=\"async\" class=\"size-large wp-image-113042\" src=\"https:\/\/forosdelavirgen.org\/wp-content\/uploads\/2016\/12\/investigadores-de-la-sabana-santa-en-la-universidad-de-murcia-500x464.jpg\" sizes=\"auto, (max-width: 500px) 100vw, 500px\" srcset=\"https:\/\/forosdelavirgen.org\/wp-content\/uploads\/2016\/12\/investigadores-de-la-sabana-santa-en-la-universidad-de-murcia-500x464.jpg 500w, https:\/\/forosdelavirgen.org\/wp-content\/uploads\/2016\/12\/investigadores-de-la-sabana-santa-en-la-universidad-de-murcia-250x232.jpg 250w, https:\/\/forosdelavirgen.org\/wp-content\/uploads\/2016\/12\/investigadores-de-la-sabana-santa-en-la-universidad-de-murcia-768x712.jpg 768w, https:\/\/forosdelavirgen.org\/wp-content\/uploads\/2016\/12\/investigadores-de-la-sabana-santa-en-la-universidad-de-murcia.jpg 837w\" alt=\"\" width=\"500\" height=\"464\"><\/a><\/p>\n<p class=\"wp-caption-text\">Investigadores de la S\u00e1bana Santa en la Universidad de Murcia<\/p>\n<\/div>\n<p>&nbsp;<\/p>\n<h2><strong>CIENT\u00cdFICOS IDENTIFICAN LAS MARCAS DE LA LANZA EN EL SANTO SUDARIO Y LA S\u00c1BANA SANTA<\/strong><\/h2>\n<p><strong>La Universidad Cat\u00f3lica de Murcia (UCAM), inform\u00f3 el 31 de marzo<\/strong> impresionantes conclusiones de un estudio m\u00e9dico-forense dirigido por <strong>Alfonso S\u00e1nchez Hermosilla<\/strong>, investigador de este centro de estudios, director del Equipo de Investigaci\u00f3n del Centro Espa\u00f1ol de Sindonolog\u00eda (EDICES) y asesor cient\u00edfico del Centro de Internacional de Sindonolog\u00eda de Tur\u00edn.<\/p>\n<p>La investigaci\u00f3n se compone de&nbsp;estudios antropom\u00e9tricos, criminal\u00edsticos, anat\u00f3micos y anatomo-patol\u00f3gicos de la S\u00edndone y el Sudario.<\/p>\n<p>Sus resultados suponen nuevos avances del equipo de investigaci\u00f3n de la UCAM que <strong>viene estudiando el Santo Sudario de Oviedo y la S\u00e1bana Santa de Tur\u00edn (S\u00edndone).<\/strong><\/p>\n<p><a href=\"http:\/\/www.ucam.edu\/noticias\/cientificos-identifican-la-lanzada-al-cadaver-que-fue-envuelto-en-la-sabana-santa-y-el\">La p\u00e1gina web concluye<\/a>:<\/p>\n<h2 class=\"importante\"><strong><em>\u201cEl <\/em><em>estudio m\u00e9dico-forense realizado conjuntamente sobre el&nbsp;Sudario de Oviedo y la S\u00edndone de Tur\u00edn&nbsp;no solo reafirma que ambas prendas envolvieron a la misma persona.<br \/>\n.<br \/>\n<\/em><em>Sino que adem\u00e1s \u00e9sta, cuando ya era cad\u00e1ver y estando en posici\u00f3n vertical, sufri\u00f3 una&nbsp;herida penetrante que le atravesar\u00eda el hemit\u00f3rax derecho, con entrada por el quinto espacio intercostal y salida por el cuarto, pr\u00f3xima a la columna vertebral y la esc\u00e1pula derecha.<\/em><\/strong><\/h2>\n<p><strong><em>Dejando marcas de co\u00e1gulos de sangre y de l\u00edquido pleuro-peric\u00e1rdico en ambas prendas<\/em><\/strong><em>(en la s\u00edndone por su contacto con los orificios de entrada y salida, y en el sudario con el de salida)\u201d.<\/em><\/p>\n<p>Esto concuerda con el Evangelio de Juan 19: 33-34:<\/p>\n<p><em>\u201cpero cuando llegaron a Jes\u00fas, como vieron que ya estaba muerto, no le quebraron las piernas; pero <strong>uno de los soldados le traspas\u00f3 el costado con una lanza, y al momento sali\u00f3 sangre y agua<\/strong>\u201d.<\/em><\/p>\n<p><a class=\"magnific-popup image-link\" href=\"https:\/\/forosdelavirgen.org\/wp-content\/uploads\/2016\/12\/sabana-santa-sobre-el-cuerpo-de-jesus.jpg\" rel=\"prettyPhoto[gallery-0SSx]\"><img loading=\"lazy\" decoding=\"async\" class=\"aligncenter size-large wp-image-113043\" src=\"https:\/\/forosdelavirgen.org\/wp-content\/uploads\/2016\/12\/sabana-santa-sobre-el-cuerpo-de-jesus-500x224.jpg\" sizes=\"auto, (max-width: 500px) 100vw, 500px\" srcset=\"https:\/\/forosdelavirgen.org\/wp-content\/uploads\/2016\/12\/sabana-santa-sobre-el-cuerpo-de-jesus-500x224.jpg 500w, https:\/\/forosdelavirgen.org\/wp-content\/uploads\/2016\/12\/sabana-santa-sobre-el-cuerpo-de-jesus-250x112.jpg 250w, https:\/\/forosdelavirgen.org\/wp-content\/uploads\/2016\/12\/sabana-santa-sobre-el-cuerpo-de-jesus-768x344.jpg 768w, https:\/\/forosdelavirgen.org\/wp-content\/uploads\/2016\/12\/sabana-santa-sobre-el-cuerpo-de-jesus.jpg 1600w\" alt=\"\" width=\"500\" height=\"224\"><\/a><\/p>\n<p>Seg\u00fan explica S\u00e1nchez Hermosilla<\/p>\n<h2 class=\"importante-extra\"><strong><em>\u201clas manchas de sangre en las que hemos trabajado siempre han estado ah\u00ed, pero nadie las hab\u00eda estudiado, y son las \u00fanicas de esas caracter\u00edsticas.<\/em><\/strong><\/h2>\n<p><em>Hasta el momento se hab\u00edan atribuido a marcas ocasionadas por heridas de flagelaci\u00f3n\u201d.<\/em><\/p>\n<p>Estas manchas<\/p>\n<p><em>\u201ccomparten caracter\u00edsticas comunes y <strong>son muy diferentes del resto tanto por su morfolog\u00eda y complejidad<\/strong> tras su an\u00e1lisis macrosc\u00f3pico, con una <strong>alta concentraci\u00f3n hem\u00e1tica en el centro y un cerco m\u00e1s claro y perfilado<\/strong>.&nbsp;<\/em><\/p>\n<p><em>Esta mancha adem\u00e1s <strong>se vuelve invisible si se observa bajo un filtro infrarrojo<\/strong>,&nbsp;como es habitual en las manchas ocasionadas por sangre cadav\u00e9rica.<\/em><\/p>\n<p><em>Al contrario de lo que ocurre con la sangre vital, las marcas puntiformes por ejemplo, fruto de las lesiones atribuidas a la corona de espinas.<\/em><\/p>\n<p><strong><em>Solo hay en el Sudario otra mancha de similares caracter\u00edsticas, denominada&nbsp;\u2018Mancha en acorde\u00f3n\u2019, atribuida al mismo origen maculante<\/em><\/strong><em> y consecuencia de haberse plegado el tejido varias veces en forma de \u201cpresilla\u201d, quedando sobre el anverso de la gran mancha central\u201d.<\/em><\/p>\n<p>Este equipo <strong>anteriormente encontr\u00f3 otras evidencias de que ambas prendas envolvieron a la misma persona<\/strong>.<\/p>\n<p>Lo hizo utilizando el microscopio electr\u00f3nico de barrido que permiti\u00f3&nbsp;estudios de la sangre, presencia de p\u00f3lenes, conservaci\u00f3n del material textil (lino) y determinaci\u00f3n de contaminantes org\u00e1nicos e inorg\u00e1nicos.<\/p>\n<p>&nbsp;<\/p>\n<h3 style=\"text-align: center;\">INFORMACI\u00d3N EXTRA\u00cdDA<\/h3>\n<p>https:\/\/forosdelavirgen.org\/4170\/el-santo-sudario-de-turin\/<\/p>\n<p>&nbsp;<\/p>\n<p style=\"text-align: center;\">\n<div class=\"iframe-embed\"><iframe title=\"YouTube video player\" src=\"http:\/\/www.youtube.com\/embed\/H9ulP-md-lM?wmode=transparent\" frameborder=\"0\" data-aspectratio=\"0.8125\" data-mce-fragment=\"1\"><\/iframe><\/div>\n<p>&nbsp;<\/p>\n<div class=\"iframe-embed\"><iframe src=\"https:\/\/www.youtube.com\/embed\/W7k2999_HI4?list=PLB471899033B1CB3E&amp;wmode=transparent\" frameborder=\"0\" allowfullscreen=\"allowfullscreen\" data-aspectratio=\"0.6041666666666666\" data-mce-fragment=\"1\"><\/iframe><\/div>\n<p>Fuentes:<\/p>\n<ul>\n<li><a href=\"http:\/\/es.wikipedia.org\/wiki\/Sudario_de_Tur%C3%ADn\">http:\/\/es.wikipedia.org\/wiki\/Sudario_de_Tur%C3%ADn<\/a><\/li>\n<li><a href=\"http:\/\/www.sabanasanta.org\/\">http:\/\/www.sabanasanta.org\/<\/a><\/li>\n<li><a href=\"https:\/\/www.shroud.com\/homespan.htm\">https:\/\/www.shroud.com\/homespan.htm<\/a><\/li>\n<li><a href=\"http:\/\/sabanasantaexpo.com\/portfolio\/la-historia\/\">http:\/\/sabanasantaexpo.com\/portfolio\/la-historia\/<\/a><\/li>\n<li><a href=\"http:\/\/www.linteum.com\/la-sindone-de-turin.php\">http:\/\/www.linteum.com\/la-sindone-de-turin.php<\/a><\/li>\n<li><a href=\"http:\/\/es.wikipedia.org\/wiki\/Catedral_de_Tur%C3%ADn\">http:\/\/es.wikipedia.org\/wiki\/Catedral_de_Tur%C3%ADn<\/a><\/li>\n<li><a href=\"http:\/\/www.lanuovabq.it\/it\/articoli-capire-la-sindone-dagli-usi-funerari-giudaici-15666.htm\">http:\/\/www.lanuovabq.it\/it\/articoli-capire-la-sindone-dagli-usi-funerari-giudaici-15666.htm<\/a><\/li>\n<li><a href=\"http:\/\/vaticaninsider.lastampa.it\/index.php?id=45&amp;L=2&amp;tx_ttnews%5Btt_news%5D=13344&amp;cHash=3303749ad2\">http:\/\/vaticaninsider.lastampa.it\/index.php?id=45&amp;L=2&amp;tx_ttnews%5Btt_news%5D=13344&amp;cHash=3303749ad2<\/a><\/li>\n<li><a href=\"http:\/\/www.lastampa.it\/2011\/12\/12\/vaticaninsider\/es\/reportajes-y-entrevistas\/la-sbana-santa-no-es-una-falsificacin-bjNrLBOu3uAq6uxJa2q6sM\/pagina.html\">http:\/\/www.lastampa.it\/2011\/12\/12\/vaticaninsider\/es\/reportajes-y-entrevistas\/la-sbana-santa-no-es-una-falsificacin-bjNrLBOu3uAq6uxJa2q6sM\/pagina.html<\/a><\/li>\n<li><a href=\"https:\/\/www.ewtn.co.uk\/news\/world\/astonishing-discovery-at-christ-s-tomb-supports-turin-shroud\">https:\/\/www.ewtn.co.uk\/news\/world\/astonishing-discovery-at-christ-s-tomb-supports-turin-shroud<\/a><\/li>\n<li><a href=\"http:\/\/noticias.gospelprime.com.br\/pesquisa-terremoto-rosto-jesus\/\">http:\/\/noticias.gospelprime.com.br\/pesquisa-terremoto-rosto-jesus\/<\/a><\/li>\n<li><span style=\"color: #0000ff;\">https:\/\/forosdelavirgen.org\/4170\/el-santo-sudario-de-turin\/<\/span><\/li>\n<li><\/li>\n<\/ul>\n","protected":false},"excerpt":{"rendered":"<p>EL EFECTO FOTOSC\u00d3PICO NEGATIVO TRIDIMENSIONAL DE LA SANTA S\u00cdNDONE DE TUR\u00cdN Y SU POSIBLE RELACI\u00d3N&#8230;<\/p>\n","protected":false},"author":5,"featured_media":3143,"comment_status":"closed","ping_status":"closed","sticky":false,"template":"","format":"standard","meta":{"footnotes":""},"categories":[62,61],"tags":[],"class_list":["post-1976","post","type-post","status-publish","format-standard","has-post-thumbnail","hentry","category-ciencia","category-religion"],"_links":{"self":[{"href":"https:\/\/www.jesusfragacid.com\/index.php?rest_route=\/wp\/v2\/posts\/1976","targetHints":{"allow":["GET"]}}],"collection":[{"href":"https:\/\/www.jesusfragacid.com\/index.php?rest_route=\/wp\/v2\/posts"}],"about":[{"href":"https:\/\/www.jesusfragacid.com\/index.php?rest_route=\/wp\/v2\/types\/post"}],"author":[{"embeddable":true,"href":"https:\/\/www.jesusfragacid.com\/index.php?rest_route=\/wp\/v2\/users\/5"}],"replies":[{"embeddable":true,"href":"https:\/\/www.jesusfragacid.com\/index.php?rest_route=%2Fwp%2Fv2%2Fcomments&post=1976"}],"version-history":[{"count":2,"href":"https:\/\/www.jesusfragacid.com\/index.php?rest_route=\/wp\/v2\/posts\/1976\/revisions"}],"predecessor-version":[{"id":3144,"href":"https:\/\/www.jesusfragacid.com\/index.php?rest_route=\/wp\/v2\/posts\/1976\/revisions\/3144"}],"wp:featuredmedia":[{"embeddable":true,"href":"https:\/\/www.jesusfragacid.com\/index.php?rest_route=\/wp\/v2\/media\/3143"}],"wp:attachment":[{"href":"https:\/\/www.jesusfragacid.com\/index.php?rest_route=%2Fwp%2Fv2%2Fmedia&parent=1976"}],"wp:term":[{"taxonomy":"category","embeddable":true,"href":"https:\/\/www.jesusfragacid.com\/index.php?rest_route=%2Fwp%2Fv2%2Fcategories&post=1976"},{"taxonomy":"post_tag","embeddable":true,"href":"https:\/\/www.jesusfragacid.com\/index.php?rest_route=%2Fwp%2Fv2%2Ftags&post=1976"}],"curies":[{"name":"wp","href":"https:\/\/api.w.org\/{rel}","templated":true}]}}