{"id":834,"date":"2016-02-04T00:00:00","date_gmt":"2016-02-04T00:00:00","guid":{"rendered":"http:\/\/www.jesusfragacid.com\/?p=834"},"modified":"2016-02-04T00:00:00","modified_gmt":"2016-02-04T00:00:00","slug":"actualidad-4","status":"publish","type":"post","link":"https:\/\/www.jesusfragacid.com\/?p=834","title":{"rendered":"ACTUALIDAD"},"content":{"rendered":"<p \/>\n<p><img decoding=\"async\" src=\"http:\/\/www.jesusfragacid.com\/wp-content\/uploads\/2018\/03\/518-breaking-news.jpg\" style=\"line-height: 1.45em;width: 463.738px;height: 256px;background-color: initial\" \/><\/p>\n<p><b>EL ESTADO DE LA NACI\u00d3N II<\/b><\/p>\n<p><b>(ACTUALIZADO)<\/b><\/p>\n<p><b><br \/><\/b><\/p>\n<p><b><img decoding=\"async\" style=\"width: 257.995px;height: 169px\" src=\"http:\/\/www.jesusfragacid.com\/wp-content\/uploads\/2018\/03\/pobreza-pobre-miseria-1.jpg\" \/>\u00a0\u00a0 <img decoding=\"async\" style=\"width: 259.25px;height: 170px\" src=\"http:\/\/www.jesusfragacid.com\/wp-content\/uploads\/2018\/03\/wpid-wpid-wpid-cola-paro-ok-2.jpg\" \/><br \/><\/b><\/p>\n<p>Actualmente, Espa\u00f1a est\u00e1 sufriendo unasituaci\u00f3n de impasse debido al bloqueo pol\u00edtico que depar\u00f3 las pasadasElecciones Generales del 20-D de 2015. Tanto el actual gobierno de la Naci\u00f3n enfunciones, el Sr. Mariano Rajoy (Partido Popular), como el principal partido dela oposici\u00f3n, el Sr. Pedro S\u00e1nchez (Partido Socialista) est\u00e1n buscando en elcongreso un pacto pol\u00edtico de coalici\u00f3n para la gobernalidad de Espa\u00f1a lospr\u00f3ximos 4 a\u00f1os. Con unos posibles comicios anticipados en caso de no llegar aun consenso en el horizonte, el futuro que nos espera a los espa\u00f1oles esincierto, desolador y bastante pesimista. A pesar de ganar el referendumpopular del 20-D el Partido Popular, tiene pocos apoyos por parte de lospol\u00edticos de otras ideolog\u00edas y que tuvieron una amplia representaci\u00f3nparlamentaria, como el PSOE, Podemos y Ciudadanos. Lo que est\u00e1 claro es que laaplastante mayor\u00eda de la sociedad espa\u00f1ola viene demandando un cambio pol\u00edtico(lo que se viene llamando un giro a la izquierda) que resuelva los gravesproblemas que acucian a los espa\u00f1oles: la econom\u00eda, el paro, la sanidad, laeducaci\u00f3n, los servicios sociales, etc. La pasada legislatura el Gobierno de PPtuvo un \u201ccheque en blanco\u201d para gobernar el pa\u00eds, impulsando medidas muycontrovertidas, como la famosa reforma laboral, los recortes en educaci\u00f3n, ensanidad, pol\u00edtica social, etc. que hicieron crispar m\u00e1s a la sociedadespa\u00f1ola.<span>\u00a0 El Partido Popular se cerr\u00f3 enbanda, rompiendo la negociaci\u00f3n colectiva entre patronal y sindicatos, el di\u00e1logocon la oposici\u00f3n y con los dem\u00e1s agentes sociales. El Sr. Rajoy no cumpli\u00f3 consu programa electoral, dejando de velar por los intereses generales del Estadoy de los espa\u00f1oles. Aunque realiz\u00f3 una rebaja fiscal a la clases pudientes,subi\u00f3 el IVA al 21 %, no devolvi\u00f3 parte de la paga extra a los funcionarios,implant\u00f3 el copago sanitario y farmac\u00e9utico (privatizaci\u00f3n de la sanidadespa\u00f1ola), empeor\u00f3 la calidad de la Educaci\u00f3n con la implantaci\u00f3n de la LOMCE,subi\u00f3 las tasas universitarias de matriculaci\u00f3n, redujo el n\u00famero y la dotaci\u00f3nde la becas para estudio medios y superiores, elimin\u00f3 el cheque-beb\u00e9, la rentab\u00e1sica de emancipaci\u00f3n, privatiz\u00f3 los servicios de la justicia, elimin\u00f3 laprestaci\u00f3n por desempleo a los parados de larga duraci\u00f3n, abarat\u00f3 el despido,recort\u00f3 dr\u00e1sticamente las medidas de pol\u00edtica social, la implantaci\u00f3n de la ley \u00abmordaza\u00bb, congel\u00f3 pr\u00e1cticamente laspensiones (es cierto que hubo una subida de las pensiones en 0,25 % interanual,pero ese porcentaje es irrisorio comparado con el subida del costa de la vida yde la p\u00e9rdida de poder adquisitivo), etc. Con el pretexto de cumplir\u00a0 las exigencias del FMI y de la Comisi\u00f3nEuropea, hubo un rescate a la banca de este pa\u00eds. La misma banca que concedi\u00f3cr\u00e9dito a mansalva a los espa\u00f1oles aparentemente con buenas condiciones dedevoluci\u00f3n, lo que hizo la sociedad espa\u00f1ola, los aut\u00f3nomos y las PYMES sehipotecaran y endeudaran dr\u00e1sticamente. Aunque es de reconocer que elendeudamiento de la sociedad espa\u00f1ola se produjo durante el Gobierno del Sr.Jos\u00e9 Luis Rodr\u00edguez Zapatero y continu\u00f3 durante la pol\u00edtica de austeridad yrecortes del Sr. Mariano Rajoy. Lo est\u00e1 claro que el modelo econ\u00f3mico quedefiende el PP estaba y sigue estando basado en el capitalismo neoliberalimpuesto por la TROICA, favoreciendo en su pol\u00edtica fiscal a la clase alta y rica,a la banca y oligarqu\u00edas financieras corporativas y las grandesmultinacionales. Capitalismo puro y duro. El Partido Popular no vel\u00f3 niprotegi\u00f3 los intereses de los espa\u00f1oles y no se preocup\u00f3 de sus derechosconstitucionales, dejando por en\u00e9sima vez en desamparo a la poblaci\u00f3nvulnerable de padecer la crisis, como las miles personas que viven sin techo,los desempleados de larga duraci\u00f3n, la econom\u00eda domestica de la clase media, alos pensionistas, a los inmigrantes irregulares sin cobertura sanitaria, etc.Si bien intent\u00f3 aplicar alguna medida correcta, como fue la implantaci\u00f3n de ladaci\u00f3n en pago para aquellas familias con un cr\u00e9dito hipotecario impagado, paraevitar la esperp\u00e9ntica situaci\u00f3n de expulsi\u00f3n de sus hogares de muchosciudadanos. Aunque esa medida, parece una cortina de humo, ya que siguehabiendo muchos desahucios en nuestro pa\u00eds. <\/span><\/p>\n<p \/>\n<p><b>El paro<\/b><\/p>\n<p>La promesa electoral de crear 2 millonesde empleos en los cuatro primeros 4 a\u00f1os de mandato en el gobierno se alej\u00f3 porcompleto de la realidad. El n\u00famero desempleados en edad laboral es de 4.779.500personas, lo que representa una tasa todav\u00eda muy dif\u00edcil de asumir del 20, 9 %.La tasa de paro de la Eurozona es del 10, 5%, es decir, la mitad que en nuestropa\u00eds, reflejando su nivel m\u00e1s bajo desde 2011. Seg\u00fan Eurostat, en el conjuntode la Uni\u00f3n Europea, la tasa de paro es del 9,1 %. Ir\u00f3nicamente, Espa\u00f1a es elpa\u00eds de con mayor tasa de desocupados, despu\u00e9s de Grecia, en la Eurozona. Seg\u00fanconstan en los registros, la tasa de desempleo masculino respecto al femeninono tuvo mayor incidencia en comparaci\u00f3n con otros a\u00f1os anteriores, aunque esmuy ligeramente superior el femenino que el masculino. <span>EnEspa\u00f1a, el desempleo masculino se situ\u00f3 en noviembre en el 20,3%, una d\u00e9cimamenos que en octubre de 2015, mientras que el femenino alcanz\u00f3 el 22,7%, unad\u00e9cima menos respecto al mes anterior (sigue siendo un problema la redistribuci\u00f3nde la n\u00f3mina, en donde la mujer reclama una pol\u00edtica europea de igualdad en elcobro de las n\u00f3minas que los equipare a los hombres). Por otro lado, Eurostatestim\u00f3 la tasa de desempleo juvenil en un 20% en la Uni\u00f3n Europea, mientras queen la eurozona se situ\u00f3 en el 22,5%, frente al 22,6% del mes anterior y el23,2% de noviembre de 2014. Las mayores tasas de desempleo juvenil se situaronen Grecia (un 49,5% en septiembre de 2015), Espa\u00f1a (47,5%), Croacia (un 45,1%en septiembre) e Italia (38,1%). Por su parte, los pa\u00edses con menores tasas dedesempleo juvenil fueron Alemania (7%), Dinamarca (9,9%) y Austria (10,9%).Hablando claro, los que m\u00e1s sufrieron las consecuencias de la reforma laboralen Espa\u00f1a fueron los j\u00f3venes y las mujeres. A pesar de que estamos ante lageneraci\u00f3n de j\u00f3venes mejor preparada tanto acad\u00e9mica como profesionalmente, laexpectativas de inserci\u00f3n laboral son paup\u00e9rrimas.<span>\u00a0 Por lo tanto, existe un debilitamiento yfragmentaci\u00f3n del tejido productivo y una gran ralentizaci\u00f3n en la creaci\u00f3n deempleo. De hecho, durante el Gobierno de la Naci\u00f3n presidido por el Sr. MarianoRajoy, en los 4 a\u00f1os solo s\u00e9 ha generado 500 mil puestos de trabajo, lo querepresenta unos \u00edndices de creaci\u00f3n\u00a0cuantitativas de empleo muy p\u00edrricos.\u00a0En cuanto a la calidad de los empleos, la aplastante mayor\u00eda de las contratacionesson eventuales o temporales. Aunque en t\u00e9rminos interanuales, descendi\u00f3 elparo, no existe un crecimiento exponencial del empleo. En fin, un desastre.<\/span><\/span><\/p>\n<p>En definitiva, una de lasmayores preocupaciones de nuestro pa\u00eds es la tasa de paro. Los j\u00f3venes menoresde 30 a\u00f1os y las mujeres son la poblaci\u00f3n m\u00e1s vulnerable en pagar lasconsecuencias de la controvertida \u201creforma laboral\u201d. <\/p>\n<p><b>Econom\u00eda<\/b><\/p>\n<p>Aunque Espa\u00f1a,afortunadamente, sali\u00f3 de la recesi\u00f3n econ\u00f3mica heredada por el gobiernosocialista del Sr. Zapatero, la situaci\u00f3n econ\u00f3mica del pa\u00eds nos es buena. Eneste sentido, aunque en t\u00e9rmino macroecon\u00f3micos hay crecimiento positivo de laeconom\u00eda del pa\u00eds, la situaci\u00f3n real de la econom\u00eda dom\u00e9stica es pobre yexasperante. Las familia domestica espa\u00f1ola no llega a finales de mes o lo quees peor, les cuesta empezarlo. Seg\u00fan una Encuesta sobre Condiciones de Vida delI.N.E. (Instituto Nacional de Estad\u00edstica), la tasa de pobreza y exclusi\u00f3nsocial en el a\u00f1o 2014, con Rajoy en la presidencia, alcanz\u00f3 la mareante cifradel 22,2 %. El umbral de la pobreza est\u00e1 en los 7,9360 euros al a\u00f1o. Aunqueestamos actualmente en periodo de deflaci\u00f3n, el poder adquisitivo y el consumode los espa\u00f1oles ha deca\u00eddo seriamente debido a la subida del IVA, la luz, eld\u00e9ficit econ\u00f3mico familiar, la desocupaci\u00f3n laboral, etc. Desde que se inici\u00f3la crisis en Espa\u00f1a en 2008 debido al pinchazo de la \u00abburbuja\u00bb inmobiliaria en este pa\u00eds y al efecto domin\u00f3 en la econom\u00eda mundial debido a la crisis hipotecaria subprime en EE.UU., el consumo baj\u00f3 en un 12,6 %, seg\u00fan adelant\u00f3 elBanco de Espa\u00f1a. Aunque a nivel macroecon\u00f3mico se est\u00e1 produciendo uncrecimiento lento y positivo del P.I.B. estimado en un 0,8 % en el \u00faltimotrimestre del 2015, las pol\u00edticas de est\u00edmulo econ\u00f3mico, social y laboral noest\u00e1n fructificando a nivel de econom\u00eda dom\u00e9stica. Es cierto, seg\u00fan el FMI, quelas previsiones para Espa\u00f1a indican un crecimiento positivo de la econom\u00edaespa\u00f1ola en un 2,7 % anual, m\u00e1s que la media europea. Espa\u00f1a ocupa el pueston\u00famero 14 del mundo en t\u00e9rminos de P.I.B. nominal. En la mejor etapa socialistaen la presidencia, con el Sr. Jos\u00e9 Lu\u00eds Rodr\u00edguez Zapatero, Espa\u00f1a lleg\u00f3 a serla octava econom\u00eda del mundo. La econom\u00eda de este pa\u00eds est\u00e1 ligado a la tasaempleo y al n\u00famero de cotizantes a la Seguridad Social. El problema estriba quela sociedad espa\u00f1ola est\u00e1 envejecida y retirada laboralmente, cobrandopensiones de jubilaci\u00f3n. La gente joven, al no tener oportunidades de empleo,emigra del pa\u00eds para poder encontrar un trabajo y la estabilidad. Existe unafuga masiva de cerebros que abandonan Espa\u00f1a en busca de un futuro mejor, comoen Alemania, Francia, Reino Unido, etc. Por lo tanto, debido a la baja tasa denatalidad, al envejecimiento de la poblaci\u00f3n y la precariedad del trabajo, laeconom\u00eda espa\u00f1ola se resiente. <\/p>\n<p><b>La corrupci\u00f3n<\/b><\/p>\n<p>Una de las aut\u00e9nticaslacras de este pa\u00eds es la corrupci\u00f3n. Hemos visto una y otra vez como salpicabaa los dirigentes pol\u00edticos de la naci\u00f3n. Seg\u00fan una encuesta del CIS (Centro deInvestigaciones Sociol\u00f3gicas) realizada en octubre de 2015, la mayorpreocupaci\u00f3n, despu\u00e9s del paro (79, 1 %) y la econom\u00eda (64, 6 %), es lacorrupci\u00f3n. En este sentido, casi el 64 % de los ciudadanos espa\u00f1oles consideraque se hace poco o muy pocos esfuerzo para luchar contra esta lacra.<\/p>\n<p>No existe ideolog\u00edapol\u00edtica en este tema, afectando a casi todos los partidos pol\u00edticos del pa\u00eds,tanto los que est\u00e1n cargo de un gobierno auton\u00f3mico como del Estado. La claseciudadana se encuentra crispada por esta situaci\u00f3n. La justicia con lospol\u00edticos corruptos es muy blanda e ineficaz. Est\u00e1 claro que las ansias depoder, de riqueza corrompe. Hoy el discurso pol\u00edtico carece de credibilidad yconfianza debido a que muchos pol\u00edticos est\u00e1n involucrados en tramas decorrupci\u00f3n. A principios del a\u00f1o 2015 se inici\u00f3 con 150 casos judicialesabiertos por corrupci\u00f3n. En total, 2.000 personas \u201cinvestigadas\u201d por estacausa. El principal partido del Gobierno en t\u00e9rminos de representaci\u00f3nparlamentaria, el Partido Popular, se vio empa\u00f1ada virulentamente por esteproblema. Se han registrado 54 casos de corrupci\u00f3n en PP durante los \u00faltimosa\u00f1os en toda Espa\u00f1a, los m\u00e1s famosos el caso<span>\u00a0\u201cGurtel\u201d, \u201cP\u00fanica\u201d,. \u201cN\u00f3os\u201d, \u201cBankia\u201d y \u201cB\u00e1rcenas\u201d. El \u00faltimo esc\u00e1ndalode este tipo con el Sr. Mariano Rajo a la cabeza de la Naci\u00f3n fue el caso\u201cImelsa\u201d, en la comunidad valenciana. El Partido Socialista no se libra. Dehecho, la trama corrupta con mayor n\u00famero de \u201cinvestigados\u201d es la de los ERE,en Andaluc\u00eda. Tambi\u00e9n afecto a otros partidos, como he dicho, como a losnacionalistas catalanes de CIU o a los de Podemos. En total, casi 500 pol\u00edticosde este pa\u00eds fueron investigados por casos de corrupci\u00f3n, siendo condenados tansolo 82 personas con fecha a noviembre de 2014. Resulta irrisorio que tan s\u00f3lo82 pol\u00edticos fueron a prisi\u00f3n. En fin, un desprop\u00f3sito. <\/span><\/p>\n<p>En definitiva, existe ennuestro pa\u00eds una profunda crisis institucional, de legitimidad y decredibilidad hacia la clase pol\u00edtica en donde la sociedad la percibe con m\u00e1srecelo, rabia y escepticismo.<\/p>\n<p><\/p>\n<p><\/p>\n<p><b>\u00a1V\u00e1yase, Sr. Rajoy!<\/b><\/p>\n<p><\/p>\n<p>Lo que est\u00e1 claro es quela pasada legislatura el Gobierno de la Naci\u00f3n presidido por Mariano Rajoy hizoa diestro y siniestro lo que se le antoj\u00f3. Rompi\u00f3 la negociaci\u00f3n colectiva conlos sindicatos, ignor\u00f3 a la oposici\u00f3n, gobern\u00f3 a base de decretos, recort\u00f3derechos sociales con el tijeretazo en sanidad, educaci\u00f3n, justicia, pol\u00edticasocial, abarat\u00f3 el despido con su controvertida reforma laboral, etc. No vel\u00f3por los intereses generales del Estado. Se preocup\u00f3 m\u00e1s en cumplir con loscriterios de convergencia impuestos por la TROICA (Fondo MonetarioInternacional, Banco Central Europeo y Comisi\u00f3n Europea), ignorando a la claseciudadana de este pa\u00eds. Rebaj\u00f3 el d\u00e9ficit. Eso s\u00ed, a costa de los derechos m\u00e1sfundamentales amparados por nuestra constituci\u00f3n: el derecho a tener unavivienda digna, un salario y una pensi\u00f3n justa, una sanidad, justicia yeducaci\u00f3n gratuita e universal, etc. El conocido \u201cEstado del Bienestar\u201d,impulsado, por cierto,<span>\u00a0 por el Sr. FelipeGonz\u00e1lez en la presidencia (PSOE) en los a\u00f1os 80, se est\u00e1 resquebrajando. Enfin, realmente preocupante.<\/span><\/p>\n<p>Ante ello, todos losespa\u00f1oles exigimos un cambio pol\u00edtico que haga reflotar a este pa\u00eds de la actualcrisis pol\u00edtica, econ\u00f3mica, laboral, social e institucional que est\u00e1 sufriendo.El pr\u00f3ximo presidente tendr\u00e1 la enorme responsabilidad de velar por losintereses generales y democr\u00e1ticos de todos los espa\u00f1oles, no de una minor\u00edaprivilegiada, como hizo el Sr. Rajoy, y cumplir con el programa electoral porel cual los espa\u00f1oles depositaron su confianza con su voto en las urnas. Entrela medidas que tienen que tomar est\u00e1n, entre otras, reformar el mercadolaboral, actualizar el S.M.I., garantizar una renta m\u00ednima vital para todos losque est\u00e1n en situaci\u00f3n de desamparo, prohibir las \u00abpuertas giratorias\u00bb, desprivatizar la justicia, la sanidad y laeducaci\u00f3n, subir las pensiones, mejorar la econom\u00eda, e implementar una pol\u00edticasocial basada en la justicia social y la igualdad. Tambi\u00e9n, deber\u00e1 solucionarel problema de la econom\u00eda sumergida que representa un porcentaje realmenteconsiderable del PIB de este pa\u00eds. Por todo ello, es necesario savia nueva. Unpresidente con un esp\u00edritu joven, emprendedor y comprometido con los valoresconstitucionales de la naci\u00f3n, como son la justicia social, igualdad, elrespeto de los derechos individuales, la pluralidad y la unidad nacional deeste pa\u00eds. Ese es el reto. Muchas gracias.<span>\u00a0<\/span><\/p>\n<p><\/p>\n<p \/>\n","protected":false},"excerpt":{"rendered":"<p>EL ESTADO DE LA NACI\u00d3N II (ACTUALIZADO) \u00a0\u00a0 Actualmente, Espa\u00f1a est\u00e1 sufriendo unasituaci\u00f3n de impasse&#8230;<\/p>\n","protected":false},"author":5,"featured_media":0,"comment_status":"open","ping_status":"open","sticky":false,"template":"","format":"standard","meta":{"footnotes":""},"categories":[1],"tags":[],"class_list":["post-834","post","type-post","status-publish","format-standard","hentry","category-uncategorized"],"_links":{"self":[{"href":"https:\/\/www.jesusfragacid.com\/index.php?rest_route=\/wp\/v2\/posts\/834","targetHints":{"allow":["GET"]}}],"collection":[{"href":"https:\/\/www.jesusfragacid.com\/index.php?rest_route=\/wp\/v2\/posts"}],"about":[{"href":"https:\/\/www.jesusfragacid.com\/index.php?rest_route=\/wp\/v2\/types\/post"}],"author":[{"embeddable":true,"href":"https:\/\/www.jesusfragacid.com\/index.php?rest_route=\/wp\/v2\/users\/5"}],"replies":[{"embeddable":true,"href":"https:\/\/www.jesusfragacid.com\/index.php?rest_route=%2Fwp%2Fv2%2Fcomments&post=834"}],"version-history":[{"count":0,"href":"https:\/\/www.jesusfragacid.com\/index.php?rest_route=\/wp\/v2\/posts\/834\/revisions"}],"wp:attachment":[{"href":"https:\/\/www.jesusfragacid.com\/index.php?rest_route=%2Fwp%2Fv2%2Fmedia&parent=834"}],"wp:term":[{"taxonomy":"category","embeddable":true,"href":"https:\/\/www.jesusfragacid.com\/index.php?rest_route=%2Fwp%2Fv2%2Fcategories&post=834"},{"taxonomy":"post_tag","embeddable":true,"href":"https:\/\/www.jesusfragacid.com\/index.php?rest_route=%2Fwp%2Fv2%2Ftags&post=834"}],"curies":[{"name":"wp","href":"https:\/\/api.w.org\/{rel}","templated":true}]}}