{"id":841,"date":"2015-11-20T00:00:00","date_gmt":"2015-11-20T00:00:00","guid":{"rendered":"http:\/\/www.jesusfragacid.com\/?p=841"},"modified":"2015-11-20T00:00:00","modified_gmt":"2015-11-20T00:00:00","slug":"international-2","status":"publish","type":"post","link":"https:\/\/www.jesusfragacid.com\/?p=841","title":{"rendered":"INTERNATIONAL"},"content":{"rendered":"<p><html><body><\/p>\n<p\/>\n<p><b>EL TERRORISMO INTERNACIONAL: UNA LACRA MUNDIAL<\/b><\/p>\n<p\/>\n<p><img decoding=\"async\" src=\"http:\/\/www.jesusfragacid.com\/wp-content\/uploads\/2018\/03\/el-granadino-manuel-perez-estaba-entre-las-129-victimas-de-los-atentados-de-paris-1.jpg\"\/><\/p>\n<p\/>\n<p><span style=\"line-height: 1.45em;background-color: initial\">\u00abNo hay ideal m\u00e1s elevado que el derecho a la vida y a la libertad\u00bb<\/span><\/p>\n<p>Jes\u00fas Fraga Cid<\/p>\n<p><\/p>\n<p><span style=\"line-height: 1.45em;background-color: initial\">El terrorismo no tiene fronteras, convirti\u00e9ndose actualmente en una de las mayores lacras sociales y que m\u00e1s preocupaci\u00f3n causan entre la poblaci\u00f3n mundial de este planeta. En mente tenemos los atroces y aterradores atentados acaecidos en EE.UU. y m\u00e1s recientemente en Madrid, Londres y Par\u00eds. Im\u00e1genes realmente escalofriantes que han dado una y otra vez la vuelta al mundo a trav\u00e9s de todos los medios de comunicaci\u00f3n. Unos atentados que han causado una profunda conmoci\u00f3n, rabia e indignaci\u00f3n entre toda la gente civilizada de la Tierra. Uno, por m\u00e1s que lo intenta, no acaba de acostumbrarse, asimilar y permanecer indiferente ante tales hechos, aunque nos resulte algo ajeno a nosotros. Nadie debe sentirse indiferente ante tales hechos porque si lo hici\u00e9semos estar\u00edamos perdiendo un grado de humanidad, de sensibilidad y solidaridad por toda esa gente. No es muy dif\u00edcil sentir empat\u00eda por la desgracia ajena. Creo que sentirla es una experiencia peculiarmente humana, es un rasgo de nuestra inteligencia emocional que en la gran mayor\u00eda de los casos es necesaria para comprender lo que siente nuestro pr\u00f3jimo. Debido a esa empat\u00eda, la respuesta de la ciudadan\u00eda en Espa\u00f1a fue clamorosa para solidarizarse con los familiares de las v\u00edctimas y para protestar contra toda esta barbarie y sin raz\u00f3n. No deb\u00eda ser menos y m\u00e1xime cuando nosotros llevamos luchando por algunos derechos que se nos fueron arrebatados ileg\u00edtimamente, en cierta manera, \u00a0de golpe, como son el derecho a la vida, la libertad de expresi\u00f3n y a la paz debido a los atentados de la organizaci\u00f3n E.T.A., quienes han sembrado el terror y la barbaridad por all\u00ed por donde atentaron. Sin embargo, todo el consuelo que puedan recibir los familiares de esas innumerables v\u00edctimas no ser\u00e1 suficiente. Necesitar\u00e1n a\u00f1os y a\u00f1os para asimilar lo ocurrido y mucha ayuda y apoyo psicol\u00f3gico por parte de la sociedad.<\/span><\/p>\n<p>Vivimos en un mundo \u201cdesquiciado\u201d en el que prodigan las grandes injusticias, como las guerras, el terrorismo, el hambre y pobreza por el mal reparto de la riqueza, la corrupci\u00f3n, etc\u00e9tera. En un mundo en el que estamos perdiendo el respeto a determinados valores morales y \u00e9ticos, como son el amor, la paz, la justicia, la solidaridad, la compasi\u00f3n, etc\u00e9tera. Vivimos en un planeta en que se ha violado los principios y valores m\u00e1s imprescindibles y fundamentales que ostenta cualquier ser vivo. Entre esos valores est\u00e1 el derecho a la vida de cualquier persona por encima de cualquier tipo de inter\u00e9s y fin.<\/p>\n<p>Sin desviarme del asunto principal que estoy abordando, que es el terrorismo, es preciso decir que tuvo ocurrir una tragedia de dimensiones desproporcionadas como la que ocurri\u00f3 el 11 de septiembre en EE.UU. para que los m\u00e1ximos dirigentes de todos los pa\u00edses del mundo empezaran a tomar medidas para solucionar el grave problema del terrorismo, es decir, empiezan a tomar medidas despu\u00e9s de sus terribles consecuencias, cuando lo m\u00e1s importante es tratar de prevenir dichos sucesos antes de que se produzcan. No basta con una declaraci\u00f3n de buenas intenciones y correctos modales, la mayor\u00eda en mi opini\u00f3n con una connotaci\u00f3n partidista y propagandista, sino que tienen que tomar decisiones y medidas contundentes, r\u00edgidas y duras de modo que se pueda establecer un s\u00f3lido, meticuloso y implacable plan de actuaci\u00f3n entre todos los pa\u00edses y se deben utilizar todos los recursos disponibles para atajar esta lacra que cada vez esta causando m\u00e1s dolor y consternaci\u00f3n a aquellas personas que lo sufren de primera mano. El problema estriba en que vivimos en un mundo \u201ccontaminado\u201d, con pol\u00edticos \u201ccontaminados\u201d y cuyas intenciones y sentimientos est\u00e1n \u201ccontaminados\u201d. No entiendo como est\u00e1n tan injustamente establecidos los \u201csistemas de gobernar\u201d. Es verdad que estoy en contra del \u201csistema\u201d que rige de manera mec\u00e1nica, fr\u00eda e inhumana nuestro planeta, un sistema del que todos somos culpables de su funcionamiento, sin responsabilizar \u00fanica y exclusivamente a los pol\u00edticos. Digo eso, porque pienso que para cambiar los \u201cpilares\u201d tan defectuosamente implantados en cuanto a la forma de gobernar, todos debemos ser part\u00edcipes y colaborar con nuestro granito de arena para que este mundo sea un lugar mejor en donde vivir, de modo que este lugar no se convierta en lo m\u00e1s parecido a un \u00a0\u201cvalle de l\u00e1grimas\u201d o a un \u201cdrama humano compartido\u201d en el que tenemos una actitud resignada y de aceptaci\u00f3n de todo el mal e injusticias que existen. Debemos ser desafiantes y luchadores por las causas justas. No entiendo para que se han creado organismos internacionales como la O.T.A.N. y la O.N.U. (este \u00faltimo promulgando infructuosamente la tan famosa Declaraci\u00f3n Universal de Derechos Humanos) que no han tenido la suficiente competencia y compromiso de solucionar y apaciguar la mayor\u00eda de las injusticias que asolan nuestro planeta, entre ellas el terrorismo. Sigue habiendo demasiado permisividad, \u201clibre albedr\u00edo\u201d y trato de favor con algunos pa\u00edses, sobre todo a EE.UU., que se saltan \u201ca la torera\u201d resoluciones y acuerdos internacionales promulgadas por dichos organismos. Estas organizaciones gubernamentales deber\u00edan desempe\u00f1ar un papel m\u00e1s activo, m\u00e1s comprometido y decidido por todas esas causas y no delegar o relegar su responsabilidad y funciones a unos pocos pa\u00edses que se quieren hacer pasar por los due\u00f1os del mundo de una manera prepotente, arrogante e imperialista. El derrumbe de las Torres Gemelas de Nueva York, el emblema m\u00e1s representativo de EE.UU. (junto con la Estatua de la Libertad), las cuales simbolizaban el capitalismo e imperialismo comercial y financiero de EE.UU. en todo el mundo y uno de los mayores orgullos del americanismo, ensalzado con su patriotismo d\u00e9spota y fogoso, fue fruto de su irracional, irresponsable y prepotente pol\u00edtica de gobernar exterior. Dicha pol\u00edtica consist\u00eda en la intromisi\u00f3n deliberada e ileg\u00edtima en conflictos armados entre otros pa\u00edses, meti\u00e9ndose y provocando guerras entre aquellas naciones mucho m\u00e1s vulnerables militar y econ\u00f3micamente, haciendo de juez y mediador en guerras que deber\u00edan ser resueltas por organismos como la O.N.U. y la O.T.A.N., los cuales deber\u00edan jugar un papel mucho m\u00e1s decisivo y resolutivo. Su pol\u00edtica imperialista, reflejado en ese avasallamiento sobre pa\u00edses mucho m\u00e1s d\u00e9biles y vulnerables con el banal e infundado pretexto de mediar y solucionar dichos conflictos, no hizo m\u00e1s que generar m\u00e1s inseguridad e injusticia en el mundo, al mismo tiempo que sembrar un profundo rencor, odio y sentimiento de \u201cantiamericanismo\u201d en casi todo el mundo. El hecho de querer ser epicentro del mundo le ha salido muy caro.<\/p>\n<p>Quiero mencionar una cosa relevante y es que el prop\u00f3sito final de este art\u00edculo no es hacer una cr\u00edtica destructiva en contra de los EE.UU., m\u00e1s bien quiero que sea constructiva, al fin y al cabo yo me identifico ac\u00e9rrimamente con su cultura por tener ra\u00edces anglosajonas y hisp\u00e1nicas (me refiero a las numerosas colonias que tuvo en la costa oeste), sin que ello signifique el que est\u00e9 de acuerdo con su pol\u00edtica de gobernar. Es ah\u00ed donde radica el problema de Estados Unidos. Siendo el pa\u00eds m\u00e1s poderoso del mundo en casi todos los aspectos, sobre todo en los aspectos pol\u00edtico, militar, econ\u00f3mico, cient\u00edfico y tecnol\u00f3gico, deber\u00edan ser un \u00a0modelo a seguir por todos los dem\u00e1s pa\u00edses, tratando de gobernar con justicia, equidad, raciocinio y con sentido de la moralidad.<\/p>\n<p>Hay muchas cosas que no entiendo porque tienen que suceder, entre esas cosas est\u00e1 la guerra b\u00e9lica que existe ya desde hace varias d\u00e9cadas atr\u00e1s en Oriente Medio. Estamos totalmente hartos de ver por los informativos noticias e im\u00e1genes sobre alg\u00fan atentado en Israel o Palestina. Todos esos atentados terroristas que cuestan la vida de miles de personas cada a\u00f1o son repudiantes, execrables y brutales. Tales hechos constituyen, sin ning\u00fan g\u00e9nero de dudas, verdaderos cr\u00edmenes contra la humanidad, que no tienen justificaci\u00f3n posible y m\u00e1xime cuando se trata de apagar la vida de una persona. El derecho a la vida es el mayor don que Dios nos ha concedido y no somos nosotros nadie para decidir cu\u00e1l es el destino de nuestro pr\u00f3jimo de esa manera tan horrenda. El terrorismo es una de las peores y m\u00e1s miserables expresiones de la condici\u00f3n humana. Es un acto de salvajismo e inhumanidad que no se deber\u00eda tolerar en ning\u00fan momento, ni en ning\u00fan lugar, ni por ning\u00fan motivo y fin. La pasividad, incompetencia e ineptitud de estos organismos internacionales ya mencionados anteriormente a la hora de gestionar y solucionar esta lucha armada en Oriente Medio ha quedado m\u00e1s que patente. La invasi\u00f3n ileg\u00edtima por parte de los israel\u00edes de territorios palestinos ha desencadenado en un conflicto b\u00e9lico que no acaba de terminar (especial brutalidad tienen los atentados terroristas cometidos por la intifada palestina en los territorios de Cisjordania y en la franja de Gaza invadidos por los israel\u00edes). Un conflicto que la propia diplomacia internacional no es capaz de encontrar una soluci\u00f3n pac\u00edfica y dialogante. Se ha derramado mucha sangre de gente inocente debido, sobre todo, a la gran cantidad de atentados terroristas. Si al problema de Oriente Medio le sumamos la guerra de Irak (y sobre todo posguerra, la cual ha generado m\u00e1s terrorismo e inseguridad si cabe) y otros conflictos armados que existen por todo el mundo, como el conflicto b\u00e9lico abierto en Afganist\u00e1n, Egipto y Siria, el panorama mundial, a \u00a0la hora de buscar la paz mundial es bastante desesperanzador e inquietante.<\/p>\n<p>Despu\u00e9s del \u201cshock\u201d mundial sufrido a causa de los atentados terroristas suicidas islamistas de Al Quaeda contra EE.UU.(en el inconsciente colectivo quedar\u00e1n grabadas las duras im\u00e1genes de los atentados terroristas contra las Torres Gemelas de Nueva York), los cuales hicieron tambalear a casi todas las democracias, poniendo en alerta m\u00e1xima a todos los dirigentes de casi todos los pa\u00edses del mundo, al mismo tiempo que se celebraron s\u00fabitamente manifestaciones en casi todos los rincones del planeta en acto de repulsa ante dichos atentados, el clima pol\u00edtico mundial sigue siendo hoy en d\u00eda muy tenso y distanciado, debido sobre todo a la explosi\u00f3n de la guerra de Irak y su actual postguerra. Digo clima tenso y distanciado porque en el mundo se hab\u00eda formado dos grandes coaliciones que acabar\u00edan enfrentadas: una la formaban los pa\u00edses que estaban a favor de la invasi\u00f3n y guerra contra Irak y en la que se encontraba como principales abanderados EE.UU., Reino Unido, Italia y, por desgracia, Espa\u00f1a (digo desgracia por las graves consecuencias que depar\u00f3 su intromisi\u00f3n irresponsable y arrogante en la guerra, en contra del clamor popular que gritaba a gritos su no participaci\u00f3n en dicha guerra, la cual ser\u00eda el detonante del atentado terrorista del 11-M); y la otra coalici\u00f3n lo compon\u00edan los pa\u00edses que estaban en contra de la m\u00e1s que cuestionada guerra, entre ellos Alemania, Francia y Rusia. El pretexto para la invasi\u00f3n de Irak fue el incumplimiento de varias resoluciones de Naciones Unidas por parte de este pa\u00eds y en la que se sospechaba, sobre todo la C.I.A., que hab\u00eda m\u00e1s que meros indicios de que Irak pudiese tener las tan abominables armas de destrucci\u00f3n masiva. Despu\u00e9s de enviar la O.N.U. a varios inspectores, uno de los cuales se suicid\u00f3 en extra\u00f1as circunstancias, as\u00ed como a varios agentes del servicio de inteligencia americanos a investigar e infiltrarse ocultamente el pa\u00eds, no encontraron ni por asomo indicios que los iraqu\u00edes tuviesen las tan controvertidas armas de destrucci\u00f3n masiva. El tiempo acab\u00f3, entonces, dando la raz\u00f3n a los pa\u00edses y ciudadanos que defend\u00edan a capa y espada la paz, al demostrase que la decisi\u00f3n inmadura, irresponsable y prepotente de invadir Irak no estaba respaldada y motivada con argumentos y pruebas de cierta consistencia, credibilidad y coherencia, sino que dichos argumentos se basaban en meras especulaciones y conjeturas que no hac\u00edan m\u00e1s que poner en entredicho la legitimidad y credibilidad de dicha decisi\u00f3n precipitada e irracional de provocar una guerra en Irak. Las consecuencias de la guerra fueron desastrosas, pero m\u00e1s lo est\u00e1 siendo la posguerra por los frecuentes atentados terroristas suicidas que tienen lugar, causando muchas v\u00edctimas, sobre todo civiles (especial virulencia tienen los atentados terroristas suicidas perpetrados la insurgencia iraqu\u00ed). Las im\u00e1genes que muestran los telediarios gracias a sus corresponsales son verdaderamente dram\u00e1ticas y espantosas. No hay palabras para definirlo. Son verdaderos cr\u00edmenes contra la integridad humana. Por si fuera poco, este conflicto est\u00e1 influyendo determinantemente en la econom\u00eda mundial (no hace falta decir que la guerra de Irak y los atentados terroristas contra las Torres Gemelas de Nueva York provocaron un importante descalabro de las bolsas de casi todo el mundo, sobre todo de Wall Street), sobre todo en la subida del petr\u00f3leo. \u00a1Qu\u00e9 maldito es el t\u00e9rmino \u201cpetr\u00f3leo\u201d! \u00a1C\u00f3mo es posible que estos \u00a0fan\u00e1ticos pol\u00edticos puedan cegarse tanto por las ansias de poder, por el amor al dinero! \u00a1C\u00f3mo es posible que corra tanta sangre de gente inocente por el endiablado poder que da el petr\u00f3leo. \u00a1Qu\u00e9 bajeza moral es todo ello! \u00a1Qu\u00e9 frivolidad inhumana!<\/p>\n<p>Estamos en un mundo en el que imperan t\u00e9rminos b\u00e9licos, como son el de \u201cguerra santa\u201d, \u201carmas de destrucci\u00f3n masiva\u201d, \u201cda\u00f1os colaterales\u201d, \u201cguerra preventiva\u201d, \u201cestr\u00e9s postraum\u00e1tico\u201d, etc. T\u00e9rminos todos ellos muy duros y terribles. Es este mundo, desde un punto de vista realista, un lugar donde se ha pasado de matar gente, a matarse uno mismo con tal de quitar el m\u00e1ximo n\u00famero posible de vidas. Son estos atentados suicidas llevados a cabo por personas fan\u00e1ticas, pertenecientes a sectas fundamentalistas en las cuales se les lava el cerebro con ideas fantasiosas de ganarse el \u201cpara\u00edso\u201d, para\u00edso que tienen dif\u00edcil conseguir con tales actos horrendos, ya que si Dios es Infinitamente Misericordioso para redimirnos de todos nuestros pecados, tambi\u00e9n es justo, por eso tambi\u00e9n habr\u00e1 un Juicio Final que decidir\u00e1 el destino final de cada una de las almas que hay en este vida terrenal. A trav\u00e9s de dichos atentados se est\u00e1 perdiendo el sentido de la moralidad y dignidad humana. No existe la tan mencionada guerra santa. Es \u00e9ste un t\u00e9rmino sacado de la manga por aquellos fan\u00e1ticos religiosos, que quieren declarar la guerra entre Oriente y Occidente, o mejor dicho, un enfrentamiento entre el cristianismo y el islamismo. Una guerra propiciada s\u00f3lo por el hombre, no por Dios, el cual nos concedi\u00f3 el don del \u201clibre albedr\u00edo\u201d para que hici\u00e9semos de nuestra vida lo m\u00e1s justo, noble y correcto, sin tratar de tergiversar dicho don como el hombre err\u00f3neamente ha hecho. Dios no tiene la culpa de todas las miserias e injusticias que hay en el mundo. Es, pues, la culpa \u00fanica y exclusivamente del hombre que ha pecado descarada y deliberadamente. Por cierto, la \u00fanica guerra preventiva es la PAZ.<\/p>\n<p>Actualmente, estamos conmocionados por los atentados terroristas islamistas acontecidos en Par\u00eds. Dichos atentados causaron la muerte de m\u00e1s de un centenar de personas y m\u00e1s de 300 heridos. La reacci\u00f3n de todo el pueblo franc\u00e9s fue de unidad, solidaridad y apoyo a todas las v\u00edctimas. Fue un ejemplo c\u00edvico de rechazo de toda la sociedad francesa a esta barbarie y sin raz\u00f3n. Casi todas las semanas vemos estos atentados en pa\u00edses de oriente medio, pero que ocurra en el coraz\u00f3n de Europa, en donde los valores \u00e9ticos y democr\u00e1ticos est\u00e1n muy arraigados, cuesta asimilar. Sin duda, fue un atentado a la libertad y la vida de todos los europeos. Todos los espa\u00f1oles nos sentimos consternados por tales sucesos acontecidos en nuestro pa\u00eds vecino y aliado, Francia. No hay religi\u00f3n alguna que justifique la violencia. Las religiones son un sistema de dogmas, preceptos y, sobre todo, valores basados en el amor, la paz, la justicia y la solidaridad.\u00a0<\/p>\n<p>En definitiva, el terrorismo internacional constituye para todas las naciones democr\u00e1ticas un enemigo del que hay que batir. Si el nazismo caus\u00f3 muchos estragos, hoy en d\u00eda la tercera guerra mundial constituye el terrorismo yihadista. Espero y deseo que todas las naciones del mundo se unan bajo una misma bandera e himno que tenga como tenga como lema la igualdad, la solidaridad, la libertad, la paz y la fraternidad.\u00a0<\/p>\n<p><\/p>\n<p><b>CONTADOR DE VISITAS<\/b><\/p>\n<p><b><a href=\"http:\/\/s06.flagcounter.com\/more\/fIw\"><img\/><\/a><\/b><img\/><a href=\"http:\/\/s06.flagcounter.com\/more\/fIw\"><img decoding=\"async\" id=\"flagcounter\" border=\"0\" alt=\"Free counters!\" src=\"\"\/><\/a> <\/p>\n<p\/><\/body><\/html><\/p>\n","protected":false},"excerpt":{"rendered":"<p>EL TERRORISMO INTERNACIONAL: UNA LACRA MUNDIAL \u00abNo hay ideal m\u00e1s elevado que el derecho a&#8230;<\/p>\n","protected":false},"author":5,"featured_media":0,"comment_status":"open","ping_status":"open","sticky":false,"template":"","format":"standard","meta":{"footnotes":""},"categories":[1],"tags":[],"class_list":["post-841","post","type-post","status-publish","format-standard","hentry","category-uncategorized"],"_links":{"self":[{"href":"https:\/\/www.jesusfragacid.com\/index.php?rest_route=\/wp\/v2\/posts\/841","targetHints":{"allow":["GET"]}}],"collection":[{"href":"https:\/\/www.jesusfragacid.com\/index.php?rest_route=\/wp\/v2\/posts"}],"about":[{"href":"https:\/\/www.jesusfragacid.com\/index.php?rest_route=\/wp\/v2\/types\/post"}],"author":[{"embeddable":true,"href":"https:\/\/www.jesusfragacid.com\/index.php?rest_route=\/wp\/v2\/users\/5"}],"replies":[{"embeddable":true,"href":"https:\/\/www.jesusfragacid.com\/index.php?rest_route=%2Fwp%2Fv2%2Fcomments&post=841"}],"version-history":[{"count":0,"href":"https:\/\/www.jesusfragacid.com\/index.php?rest_route=\/wp\/v2\/posts\/841\/revisions"}],"wp:attachment":[{"href":"https:\/\/www.jesusfragacid.com\/index.php?rest_route=%2Fwp%2Fv2%2Fmedia&parent=841"}],"wp:term":[{"taxonomy":"category","embeddable":true,"href":"https:\/\/www.jesusfragacid.com\/index.php?rest_route=%2Fwp%2Fv2%2Fcategories&post=841"},{"taxonomy":"post_tag","embeddable":true,"href":"https:\/\/www.jesusfragacid.com\/index.php?rest_route=%2Fwp%2Fv2%2Ftags&post=841"}],"curies":[{"name":"wp","href":"https:\/\/api.w.org\/{rel}","templated":true}]}}